{"id":1426,"date":"2011-01-05T23:51:33","date_gmt":"2011-01-05T21:51:33","guid":{"rendered":"http:\/\/fricktaleroffiziere.ch\/?p=1426"},"modified":"2011-01-05T23:55:53","modified_gmt":"2011-01-05T21:55:53","slug":"diskussion-milita%cc%88rdienstpflicht-erfu%cc%88llen-%e2%80%93-aber-wie","status":"publish","type":"post","link":"https:\/\/fricktaleroffiziere.ch\/?p=1426","title":{"rendered":"Diskussion: Milita\u0308rdienstpflicht erfu\u0308llen \u2013 aber wie?"},"content":{"rendered":"<p>Der <strong>Sicherheitspolitische Bericht 2010<\/strong> und der <strong>Armeebericht<\/strong> sind erschienen und unterliegen der \u00f6ffentlichen wie der  parlamentarischen Diskussion. Wie auch immer das Ergebnis der  kontroversen Debatte ausf\u00e4llt, die Ressourcen der Armee werden knapper,  die personellen alleine schon wegen der Abnahme der Anzahl  Dienstpflichtiger.<\/p>\n<p>Die <strong><a href=\"http:\/\/www.ogw.ch\" target=\"_blank\">Offiziersgesellschaft Winterthur<\/a> und Umgebung<\/strong> hat sich das ehrgeizige Ziel gesteckt zu ergr\u00fcnden, wie die Armee ihre  personellen Mittel am besten nutzen k\u00f6nnte. Wir wollen nicht r\u00fctteln an  der allgemeinen Wehrpflicht oder der Milizarmee, sondern auf der  Grundlage des Armeeberichtes Ideen \u2013 auch scheinbar &#8220;ausgefallene&#8221; oder &#8220;undenkbare&#8221; \u2013 f\u00fcr alternative <strong>Dienstleistungsmodelle<\/strong> sammeln und er\u00f6rtern.<\/p>\n<p>&gt; <a href=\"http:\/\/www.asmz.ch\/diskussionsforum\" target=\"_blank\">Weitere Informationen<\/a><\/p>\n","protected":false},"excerpt":{"rendered":"<p>Der Sicherheitspolitische Bericht 2010 und der Armeebericht sind erschienen und unterliegen der \u00f6ffentlichen wie der parlamentarischen Diskussion. Wie auch immer das Ergebnis der kontroversen Debatte ausf\u00e4llt, die Ressourcen der Armee werden knapper, die personellen alleine schon wegen der Abnahme der &hellip; <a href=\"https:\/\/fricktaleroffiziere.ch\/?p=1426\">Weiterlesen <span class=\"meta-nav\">&rarr;<\/span><\/a><\/p>\n","protected":false},"author":28,"featured_media":0,"comment_status":"open","ping_status":"open","sticky":false,"template":"","format":"standard","meta":{"_monsterinsights_skip_tracking":false,"_monsterinsights_sitenote_active":false,"_monsterinsights_sitenote_note":"","_monsterinsights_sitenote_category":0,"_s2mail":"yes","footnotes":""},"categories":[86,59,52,54],"tags":[90,330,91],"class_list":["post-1426","post","type-post","status-publish","format-standard","hentry","category-86","category-armee","category-offiziere","category-sog","tag-armeebericht","tag-sicherheitspolitik","tag-sipolb"],"_links":{"self":[{"href":"https:\/\/fricktaleroffiziere.ch\/index.php?rest_route=\/wp\/v2\/posts\/1426","targetHints":{"allow":["GET"]}}],"collection":[{"href":"https:\/\/fricktaleroffiziere.ch\/index.php?rest_route=\/wp\/v2\/posts"}],"about":[{"href":"https:\/\/fricktaleroffiziere.ch\/index.php?rest_route=\/wp\/v2\/types\/post"}],"author":[{"embeddable":true,"href":"https:\/\/fricktaleroffiziere.ch\/index.php?rest_route=\/wp\/v2\/users\/28"}],"replies":[{"embeddable":true,"href":"https:\/\/fricktaleroffiziere.ch\/index.php?rest_route=%2Fwp%2Fv2%2Fcomments&post=1426"}],"version-history":[{"count":3,"href":"https:\/\/fricktaleroffiziere.ch\/index.php?rest_route=\/wp\/v2\/posts\/1426\/revisions"}],"predecessor-version":[{"id":1428,"href":"https:\/\/fricktaleroffiziere.ch\/index.php?rest_route=\/wp\/v2\/posts\/1426\/revisions\/1428"}],"wp:attachment":[{"href":"https:\/\/fricktaleroffiziere.ch\/index.php?rest_route=%2Fwp%2Fv2%2Fmedia&parent=1426"}],"wp:term":[{"taxonomy":"category","embeddable":true,"href":"https:\/\/fricktaleroffiziere.ch\/index.php?rest_route=%2Fwp%2Fv2%2Fcategories&post=1426"},{"taxonomy":"post_tag","embeddable":true,"href":"https:\/\/fricktaleroffiziere.ch\/index.php?rest_route=%2Fwp%2Fv2%2Ftags&post=1426"}],"curies":[{"name":"wp","href":"https:\/\/api.w.org\/{rel}","templated":true}]}}