{"id":1474,"date":"2011-01-15T12:17:48","date_gmt":"2011-01-15T10:17:45","guid":{"rendered":"http:\/\/fricktaleroffiziere.ch\/?p=1474"},"modified":"2011-01-25T13:14:27","modified_gmt":"2011-01-25T11:14:27","slug":"lassen-sich-tells-sohne-entwaffnen","status":"publish","type":"post","link":"https:\/\/fricktaleroffiziere.ch\/?p=1474","title":{"rendered":"Lassen sich Tells S\u00f6hne entwaffnen?"},"content":{"rendered":"<p>Wir schreiben den Montag, 14. Februar 2011. Gestern hat eine Mehrheit der Schweizer der Initiative gegen Waffengewalt zugestimmt. Die Reaktionen in der europ\u00e4ischen Presse gleichen sich: &#8220;Tells S\u00f6hne entwaffnen sich!&#8221;, &#8220;Gessler rehabilitiert&#8221;, &#8220;Gessler vs. Tell: 1:0&#8221;, &#8220;Schweiz gibt Wehrtradition auf&#8221;, &#8220;Tells Armbrust liegt nun in Gesslers Kaserne&#8221;, &#8220;Tells Armbrust ist keine Gefahr mehr (f\u00fcr Gessler)&#8221; &#8211; ein fatales Zeichen!<!--more--><\/p>\n<p>Eine Allianz aus Armeeabschaffern, Demokratieverachter und naiven Gutmenschen k\u00e4mpfen mit humanit\u00e4ren, herzzerreissenden und emotional aufgeladenen Argumenten gegen das Selbstverst\u00e4ndnis eines souver\u00e4nen B\u00fcrgers. Man fragt sich: Was ist das f\u00fcr eine Gesellschaft, die vor sich selbst Angst hat? Was f\u00fcr ein Land ist das, welches dem eigenen B\u00fcrger Macht und Selbstbestimmungsrechte entzieht? Steht es wirklich so schlecht um unser Volk, dass tausende von rechtschaffenen B\u00fcrgern unter Generalverdacht gestellt werden m\u00fcssten?<\/p>\n<p>Das vorgeschobene Ziel der Initianten mag legitim sein: mehr Sicherheit. Das Mittel zielt jedoch auf die falschen. Nicht Tell mit seiner Armbrust ist das Problem, sondern Gessler. Die Initiative mit ihren Unterst\u00fctzern entlarvt ausserdem den wahren Zweck dieser Initiative: Die Milizarmee soll entwaffnet, Verantwortung abgegeben und die Schweiz schutzloser werden. Das sind keine guten Vorzeichen f\u00fcr mehr Sicherheit und Unabh\u00e4ngigkeit!<\/p>\n<p><img loading=\"lazy\" decoding=\"async\" class=\"alignleft\" title=\"Willhelm Tell\" src=\"http:\/\/t1.gstatic.com\/images?q=tbn:ANd9GcRnQyV_Jte2cyFmffjeqJVxi3idqunplDdxEa6iWCI8TjFd3ptPPg\" alt=\"\" width=\"195\" height=\"258\" \/>Insbesondere die Frauen sind aufgerufen, sich nicht von fremden V\u00f6gten verf\u00fchren zu lassen! Wer nicht einmal dem eigenen Mann vertrauen kann, muss an einem anderen Ort den Hebel ansetzen.<\/p>\n<p>Behalten wir die Verantwortung in den eigenen H\u00e4nden, tragen wir Sorge zu unserer Wehrtradition und bleiben wir dem Bild einer wehrhaften Schweiz treu!<\/p>\n<p>Ich ermuntere daher alle armeefreundlich gesinnten B\u00fcrger sich intensiv f\u00fcr ein NEIN am 13. Februar einzusetzen und alle Bekannten und Verwandten zum (richtigen) Ausf\u00fcllen und Einreichen der Abstimmungsunterlagen zu bewegen. Dar\u00fcber hinaus ist im Hinblick auf die Nationalratswahlen ein genauer Blick auf die Parolen der Parteien und den &#8220;Stellungsbezug&#8221; der (angehenden) Politiker zu werfen.<\/p>\n<p>Ich danke allen f\u00fcr ihren Einsatz.<\/p>\n","protected":false},"excerpt":{"rendered":"<p>Eine Allianz aus Armeeabschaffern, Demokratieverachter und naiven Gutmenschen k\u00e4mpfen mit humanit\u00e4ren, herzzerreissenden und emotional aufgeladenen Argumenten gegen das Selbstverst\u00e4ndnis eines souver\u00e4nen B\u00fcrgers. Man fragt sich: Was ist das f\u00fcr eine Gesellschaft, die vor sich selbst Angst hat? <a href=\"https:\/\/fricktaleroffiziere.ch\/?p=1474\">Weiterlesen <span class=\"meta-nav\">&rarr;<\/span><\/a><\/p>\n","protected":false},"author":28,"featured_media":0,"comment_status":"open","ping_status":"open","sticky":false,"template":"","format":"standard","meta":{"_monsterinsights_skip_tracking":false,"_monsterinsights_sitenote_active":false,"_monsterinsights_sitenote_note":"","_monsterinsights_sitenote_category":0,"_s2mail":"yes","footnotes":""},"categories":[86,59],"tags":[92,77,328,78,330,329],"class_list":["post-1474","post","type-post","status-publish","format-standard","hentry","category-86","category-armee","tag-abstimmung","tag-gesellschaft","tag-miliz","tag-sicherheit","tag-sicherheitspolitik","tag-wehrpflicht"],"_links":{"self":[{"href":"https:\/\/fricktaleroffiziere.ch\/index.php?rest_route=\/wp\/v2\/posts\/1474","targetHints":{"allow":["GET"]}}],"collection":[{"href":"https:\/\/fricktaleroffiziere.ch\/index.php?rest_route=\/wp\/v2\/posts"}],"about":[{"href":"https:\/\/fricktaleroffiziere.ch\/index.php?rest_route=\/wp\/v2\/types\/post"}],"author":[{"embeddable":true,"href":"https:\/\/fricktaleroffiziere.ch\/index.php?rest_route=\/wp\/v2\/users\/28"}],"replies":[{"embeddable":true,"href":"https:\/\/fricktaleroffiziere.ch\/index.php?rest_route=%2Fwp%2Fv2%2Fcomments&post=1474"}],"version-history":[{"count":4,"href":"https:\/\/fricktaleroffiziere.ch\/index.php?rest_route=\/wp\/v2\/posts\/1474\/revisions"}],"predecessor-version":[{"id":1500,"href":"https:\/\/fricktaleroffiziere.ch\/index.php?rest_route=\/wp\/v2\/posts\/1474\/revisions\/1500"}],"wp:attachment":[{"href":"https:\/\/fricktaleroffiziere.ch\/index.php?rest_route=%2Fwp%2Fv2%2Fmedia&parent=1474"}],"wp:term":[{"taxonomy":"category","embeddable":true,"href":"https:\/\/fricktaleroffiziere.ch\/index.php?rest_route=%2Fwp%2Fv2%2Fcategories&post=1474"},{"taxonomy":"post_tag","embeddable":true,"href":"https:\/\/fricktaleroffiziere.ch\/index.php?rest_route=%2Fwp%2Fv2%2Ftags&post=1474"}],"curies":[{"name":"wp","href":"https:\/\/api.w.org\/{rel}","templated":true}]}}