{"id":1544,"date":"2011-09-22T12:16:09","date_gmt":"2011-09-22T10:16:08","guid":{"rendered":"http:\/\/fricktaleroffiziere.ch\/?p=1544"},"modified":"2021-06-15T12:21:06","modified_gmt":"2021-06-15T11:21:06","slug":"fricktaler-offiziere-werner-t-muller","status":"publish","type":"post","link":"https:\/\/fricktaleroffiziere.ch\/?p=1544","title":{"rendered":"Fricktaler Offiziere &#8211; Werner T. M\u00fcller"},"content":{"rendered":"<p>Auch wenn unser Verein eher klein ist, wir kennen einander kaum. Das folgende Mitglied d\u00fcrfte jedoch mindestens dem &#8220;harten Kern&#8221; bereits ein Begriff sein.<\/p>\n<p><a href=\"http:\/\/fricktaleroffiziere.ch\/wp-content\/uploads\/2011\/09\/WTM.png\"><img loading=\"lazy\" decoding=\"async\" class=\"alignright size-full wp-image-1694\" title=\"StaubliChristoph\" src=\"http:\/\/fricktaleroffiziere.ch\/wp-content\/uploads\/2011\/09\/WTM.png\" alt=\"\" width=\"130\" height=\"180\" \/><\/a><strong>Werner T. M\u00fcller<\/strong><\/p>\n<ul>\n<li>Wohnort: <span style=\"color: #339966;\">Rheinfelden<\/span><\/li>\n<li>Offizier seit: <span style=\"color: #339966;\">1961<\/span><\/li>\n<li>Beschreiben Sie sich mit drei Worten:\u00a0<span style=\"color: #339966;\">vielseitig, hartn\u00e4ckig, expressiv.<!--more--><\/span><\/li>\n<li><span style=\"color: #339966;\"><span style=\"color: #000000;\">berufliche T\u00e4tigkeit:\u00a0<\/span>Dr. Physiker ETH, ehemals Project Director bei Hoffmann-La Roche, Basel<br \/>\n<\/span><\/li>\n<li>Wieso haben Sie &#8220;weiter gemacht&#8221;? Was war Ihr Ziel?\u00a0<span style=\"color: #339966;\">Ich war beeindruckt von der technischen Vielseitigkeit der Artillerie.\u00a0Ich wollte lernen Entscheidungen zu treffen und Leute zu f\u00fchren auch im Hinblick auf meine sp\u00e4tere\u00a0berufliche T\u00e4tigkeit.\u00a0Nicht zuletzt war die OS auch ein physischer Challenge.<\/span><\/li>\n<li>Wichtige milit\u00e4rische Karriereschritte:<br \/>\n<span style=\"color: #339966;\">&#8211; 1960 Art Rs 227 in Sitten<\/span><br \/>\n<span style=\"color: #339966;\">&#8211; 1961 Art UOS 25 in Frauenfeld<\/span><br \/>\n<span style=\"color: #339966;\">&#8211; 1961 Art OS 1 in Frauenfeld<\/span><br \/>\n<span style=\"color: #339966;\">&#8211; 1962 &#8211; 1971 Dienst als Zfhr (Bttr Of, Flt Of, Abt Flt Of, Schiess Kdt,\u00a0Bttr Kdt i.V.) in Einheiten der Hb Abt 33<\/span><br \/>\n<span style=\"color: #339966;\">&#8211; 1971 Tech S f\u00fcr ACS Of in Liestal<\/span><br \/>\n<span style=\"color: #339966;\">&#8211; 1972 ZS 1-B komb in Fribourg, B\u00fclach, Bern<\/span><br \/>\n<span style=\"color: #339966;\">&#8211; 1972 &#8211; 1979 ACS Of im Art Rgt 21 und Art Rgt 11<\/span><br \/>\n<span style=\"color: #339966;\">&#8211; 1980 ZS 2-B in Bern<\/span><br \/>\n<span style=\"color: #339966;\">&#8211; 1981 &#8211; 1983 ACS Of im Stab F Div 7<\/span><br \/>\n<span style=\"color: #339966;\">&#8211; 1984 &#8211; 1987 C ACSD Gz Br 8<\/span><br \/>\n<span style=\"color: #339966;\">&#8211; 1985 ZS 3-B in Bern<\/span><br \/>\n<span style=\"color: #339966;\">&#8211; 1988 &#8211; 1991 Pr\u00e4sident AOG<\/span><br \/>\n<span style=\"color: #339966;\">&#8211; 1988 &#8211; 1992 C ACSD F Div 7<\/span><br \/>\n<span style=\"color: #339966;\">&#8211; 1993 &#8211; 1995 C ACSD FAK 4<\/span><br \/>\n<span style=\"color: #339966;\">&#8211; 1999 Entlassung aus der Dienstpflicht mit 1555 Diensttagen<\/span><\/li>\n<li>\u00a0Dank dem Milit\u00e4rdienst habe ich gelernt:<br \/>\n<span style=\"color: #339966;\">&#8211; Leute zu f\u00fchren und zu motivieren, um gemeinsam ein gesetztes Ziel zu erreichen.<\/span><br \/>\n<span style=\"color: #339966;\">&#8211; Ein rationelles Vorgehen f\u00fcr die Entscheidungsfindung.<\/span><br \/>\n<span style=\"color: #339966;\">&#8211; Rasch, kurz und b\u00fcndig meine Meinung oder Empfehlung darzulegen.<\/span><\/li>\n<li>Dieses Erlebnis werde ich nie vergessen:\u00a0<span style=\"color: #339966;\">Das Milit\u00e4rbegr\u00e4bnis meiner verunfallten RS-Kameraden nach dem Absturz eines Lkw im Val d\u2019Herence.\u00a0Den Besuch in halboffizieller Funktion bei den ABC-Truppen der Britischen Armee.<\/span><\/li>\n<li>Welche T\u00e4tigkeit beherrschen Sie so gut, dass man sie daf\u00fcr auch entlohnen m\u00fcsste?\u00a0<span style=\"color: #339966;\">Reparaturen aller Art in Haus und Garten.\u00a0Neu Aufsetzen von Heim-Computern.<\/span><\/li>\n<li>Was ich den Mitgliedern anbieten kann:\u00a0<span style=\"color: #339966;\">Beratung beim Kauf von Heim-Elektronik und -Computern, bei der Planung von Energiesparmassnahmen\u00a0und bei der Abwicklung von umfangreichen Prozessen mit Hilfe von Projekt Management.<\/span><\/li>\n<li>Wie sieht die Welt in 10 Jahren aus?<br \/>\n<span class=\"Apple-style-span\" style=\"color: #339966;\">&#8211; Demografisch: Die Bev\u00f6lkerung wird auch im Schnitt ein St\u00fcck \u00e4lter sein, was sich auf die Leistungen\u00a0und Beitr\u00e4ge von AHV und Pensionen auswirken wird.<br \/>\n<\/span><span class=\"Apple-style-span\" style=\"color: #339966;\">&#8211; Milit\u00e4risch: Unsere Armee wird sehr viel kleiner und auf Cyberwar, Katastrophenhilfe, Luftabwehr und\u00a0Terrorismusabwehr ausgerichtet sein.<br \/>\n<\/span><span class=\"Apple-style-span\" style=\"color: #339966;\">&#8211; Technisch: Vieles wird uns noch \u00fcberraschen. Energiesparen wird ein absolutes Muss. Der Atomausstieg\u00a0wird nicht vollst\u00e4ndig sein und neue, sichere Technologien in der Reaktortechnik lassen neue AKWs, vor\u00a0allem auch im Hinblick auf die weltweite Klimaerw\u00e4rmung, wieder als akzeptabler erscheinen.\u00a0<\/span><\/li>\n<li>Wie soll uns eine Armee mit weniger als 120&#8217;000 Mann im Bedarfsfall sch\u00fctzen?\u00a0<span style=\"color: #339966;\">Wenn ein Einsatz nur ein paar Wochen dauern sollte, w\u00fcrden die zur Debatte stehenden 100&#8217;000 Mann\u00a0wohl knapp gen\u00fcgen. Ich teile aber die Meinung der &#8220;<a href=\"http:\/\/gruppe-giardino.ch\">Gruppe Giardino<\/a>&#8220;, dass nur mit mindestens 120&#8217;000\u00a0Mann eine gen\u00fcgende Durchhaltef\u00e4higkeit erreicht werden kann. Eine Armee, wie gross auch immer,\u00a0n\u00fctzt aber nur, wenn sie auch voll ausger\u00fcstet ist. Dazu m\u00fcssen aber auch die notwendigen finanziellen\u00a0Mittel gesprochen werden.\u00a0<\/span><\/li>\n<li>Welche Frage sollen wir dem n\u00e4chsten Mitglied stellen?\u00a0<span style=\"color: #339966;\">Ist das Milizsystem auch in Zukunft noch zeitgem\u00e4ss?<\/span><\/li>\n<li><span style=\"color: #339966;\"><span style=\"color: #000000;\">Was wollen Sie uns sonst noch sagen?<\/span>\u00a0Ich begl\u00fcckw\u00fcnsche den FOG Vorstand dazu, dass er es fertig gebracht hat, dass auch j\u00fcngere\u00a0Mitglieder wieder mitmachen. Ich erinnere mich noch gut an die Zeiten, wo wir alten Obersten an der GV\u00a0in der Mehrheit waren.\u00a0Ich w\u00fcnsche dem Vorstand weiterhin viel Gl\u00fcck und Befriedigung bei seiner verantwortungsvollen\u00a0F\u00fchrungsaufgabe.<\/span><\/li>\n<\/ul>\n<div>\n<div id=\"attachment_3116\" style=\"width: 650px\" class=\"wp-caption aligncenter\"><a href=\"http:\/\/fricktaleroffiziere.ch\/wp-content\/uploads\/2011\/09\/WTM-Segeln2.jpg\"><img loading=\"lazy\" decoding=\"async\" aria-describedby=\"caption-attachment-3116\" class=\"size-large wp-image-3116\" title=\"Werner T. M\u00fcller auf hoher See\" src=\"http:\/\/fricktaleroffiziere.ch\/wp-content\/uploads\/2011\/09\/WTM-Segeln2-1024x935.jpg\" alt=\"Werner T. M\u00fcller auf hoher See\" width=\"640\" height=\"584\" srcset=\"https:\/\/fricktaleroffiziere.ch\/wp-content\/uploads\/2011\/09\/WTM-Segeln2-1024x935.jpg 1024w, https:\/\/fricktaleroffiziere.ch\/wp-content\/uploads\/2011\/09\/WTM-Segeln2-300x274.jpg 300w\" sizes=\"auto, (max-width: 640px) 100vw, 640px\" \/><\/a><p id=\"caption-attachment-3116\" class=\"wp-caption-text\">Werner T. M\u00fcller auf hoher See<\/p><\/div>\n<p><em><em>Haben Sie weitere Fragen an Werner T. M\u00fcller? Die Kommentarfunktion bietet Platz&#8230;<\/em><\/em><\/p>\n<div><em><em><br \/>\n<\/em><\/em><\/div>\n<p><span style=\"font-size: small;\"><span class=\"Apple-style-span\" style=\"line-height: 24px;\"><br \/>\n<\/span><\/span><\/p>\n<\/div>\n","protected":false},"excerpt":{"rendered":"<p>Auch wenn unser Verein eher klein ist, wir kennen einander kaum. Das folgende Mitglied d\u00fcrfte jedoch mindestens dem &#8220;harten Kern&#8221; bereits ein Begriff sein. Werner T. M\u00fcller Wohnort: Rheinfelden Offizier seit: 1961 Beschreiben Sie sich mit drei Worten:\u00a0vielseitig, hartn\u00e4ckig, expressiv.<\/p>\n","protected":false},"author":28,"featured_media":0,"comment_status":"open","ping_status":"open","sticky":false,"template":"","format":"standard","meta":{"_monsterinsights_skip_tracking":false,"_monsterinsights_sitenote_active":false,"_monsterinsights_sitenote_note":"","_monsterinsights_sitenote_category":0,"_s2mail":"yes","footnotes":""},"categories":[1,53,52],"tags":[100,321,99],"class_list":["post-1544","post","type-post","status-publish","format-standard","hentry","category-allg","category-fog","category-offiziere","tag-fricktal","tag-offiziere","tag-portraits"],"_links":{"self":[{"href":"https:\/\/fricktaleroffiziere.ch\/index.php?rest_route=\/wp\/v2\/posts\/1544","targetHints":{"allow":["GET"]}}],"collection":[{"href":"https:\/\/fricktaleroffiziere.ch\/index.php?rest_route=\/wp\/v2\/posts"}],"about":[{"href":"https:\/\/fricktaleroffiziere.ch\/index.php?rest_route=\/wp\/v2\/types\/post"}],"author":[{"embeddable":true,"href":"https:\/\/fricktaleroffiziere.ch\/index.php?rest_route=\/wp\/v2\/users\/28"}],"replies":[{"embeddable":true,"href":"https:\/\/fricktaleroffiziere.ch\/index.php?rest_route=%2Fwp%2Fv2%2Fcomments&post=1544"}],"version-history":[{"count":8,"href":"https:\/\/fricktaleroffiziere.ch\/index.php?rest_route=\/wp\/v2\/posts\/1544\/revisions"}],"predecessor-version":[{"id":7273,"href":"https:\/\/fricktaleroffiziere.ch\/index.php?rest_route=\/wp\/v2\/posts\/1544\/revisions\/7273"}],"wp:attachment":[{"href":"https:\/\/fricktaleroffiziere.ch\/index.php?rest_route=%2Fwp%2Fv2%2Fmedia&parent=1544"}],"wp:term":[{"taxonomy":"category","embeddable":true,"href":"https:\/\/fricktaleroffiziere.ch\/index.php?rest_route=%2Fwp%2Fv2%2Fcategories&post=1544"},{"taxonomy":"post_tag","embeddable":true,"href":"https:\/\/fricktaleroffiziere.ch\/index.php?rest_route=%2Fwp%2Fv2%2Ftags&post=1544"}],"curies":[{"name":"wp","href":"https:\/\/api.w.org\/{rel}","templated":true}]}}