{"id":1552,"date":"2011-02-14T10:14:57","date_gmt":"2011-02-14T08:14:57","guid":{"rendered":"http:\/\/fricktaleroffiziere.ch\/?p=1552"},"modified":"2011-02-16T20:30:56","modified_gmt":"2011-02-16T18:30:56","slug":"besuchstag-des-inf-bat-56","status":"publish","type":"post","link":"https:\/\/fricktaleroffiziere.ch\/?p=1552","title":{"rendered":"Besuchstag des Inf Bat 56"},"content":{"rendered":"<p>N\u00e4chsten Freitag, 18. Februar 2011 findet in Brugg der Besuchstag im  Infanterie Bataillon 56 statt. Alle Kameraden aus der AOG sind dazu  herzlich eingeladen und k\u00f6nnen auch Bekannte und Freunde mitnehmen.<\/p>\n<p>Beginn:  13.15 Uhr im Geissenschachen bei der Trib\u00fcne. Defil\u00e9e, Vorf\u00fchrungen der  Kompanien, Suppe mit Spatz. <!--more-->Bei Fragen: <a href=\"mailto:infbat56@bluewin.ch\">infbat56@bluewin.ch<\/a><\/p>\n<p><img loading=\"lazy\" decoding=\"async\" class=\"aligncenter\" src=\"http:\/\/a4.sphotos.ak.fbcdn.net\/hphotos-ak-snc6\/180117_10150089208978613_659038612_6254009_5032791_n.jpg\" alt=\"\" width=\"545\" height=\"720\" \/><\/p>\n<p>Legende:<br \/>\n1 = Trib\u00fcne im Geissenschachen<br \/>\n2 = Bahnhof Brugg (Shuttle ab dort)<br \/>\n3 = Fussweg<br \/>\n4 = Besucherparkl\u00e4tze (Jalons &#8220;KF&#8221; folgen)<\/p>\n<p>kameradschaftliche Gr\u00fcsse<br \/>\nOberstlt i Gst Dieter Wicki<br \/>\nKdt Inf Bat 56<\/p>\n","protected":false},"excerpt":{"rendered":"<p>N\u00e4chsten Freitag, 18. Februar 2011 findet in Brugg der Besuchstag im Infanterie Bataillon 56 statt. Alle Kameraden aus der AOG sind dazu herzlich eingeladen und k\u00f6nnen auch Bekannte und Freunde mitnehmen. Beginn: 13.15 Uhr im Geissenschachen bei der Trib\u00fcne. Defil\u00e9e, &hellip; <a href=\"https:\/\/fricktaleroffiziere.ch\/?p=1552\">Weiterlesen <span class=\"meta-nav\">&rarr;<\/span><\/a><\/p>\n","protected":false},"author":28,"featured_media":0,"comment_status":"open","ping_status":"open","sticky":false,"template":"","format":"standard","meta":{"_monsterinsights_skip_tracking":false,"_monsterinsights_sitenote_active":false,"_monsterinsights_sitenote_note":"","_monsterinsights_sitenote_category":0,"_s2mail":"yes","footnotes":""},"categories":[86,75],"tags":[85,335,334,320],"class_list":["post-1552","post","type-post","status-publish","format-standard","hentry","category-86","category-aog","tag-infanterie","tag-og-aarau","tag-og-brugg","tag-veranstaltungen"],"_links":{"self":[{"href":"https:\/\/fricktaleroffiziere.ch\/index.php?rest_route=\/wp\/v2\/posts\/1552","targetHints":{"allow":["GET"]}}],"collection":[{"href":"https:\/\/fricktaleroffiziere.ch\/index.php?rest_route=\/wp\/v2\/posts"}],"about":[{"href":"https:\/\/fricktaleroffiziere.ch\/index.php?rest_route=\/wp\/v2\/types\/post"}],"author":[{"embeddable":true,"href":"https:\/\/fricktaleroffiziere.ch\/index.php?rest_route=\/wp\/v2\/users\/28"}],"replies":[{"embeddable":true,"href":"https:\/\/fricktaleroffiziere.ch\/index.php?rest_route=%2Fwp%2Fv2%2Fcomments&post=1552"}],"version-history":[{"count":3,"href":"https:\/\/fricktaleroffiziere.ch\/index.php?rest_route=\/wp\/v2\/posts\/1552\/revisions"}],"predecessor-version":[{"id":1580,"href":"https:\/\/fricktaleroffiziere.ch\/index.php?rest_route=\/wp\/v2\/posts\/1552\/revisions\/1580"}],"wp:attachment":[{"href":"https:\/\/fricktaleroffiziere.ch\/index.php?rest_route=%2Fwp%2Fv2%2Fmedia&parent=1552"}],"wp:term":[{"taxonomy":"category","embeddable":true,"href":"https:\/\/fricktaleroffiziere.ch\/index.php?rest_route=%2Fwp%2Fv2%2Fcategories&post=1552"},{"taxonomy":"post_tag","embeddable":true,"href":"https:\/\/fricktaleroffiziere.ch\/index.php?rest_route=%2Fwp%2Fv2%2Ftags&post=1552"}],"curies":[{"name":"wp","href":"https:\/\/api.w.org\/{rel}","templated":true}]}}