{"id":1652,"date":"2011-03-17T17:44:03","date_gmt":"2011-03-17T15:44:03","guid":{"rendered":"http:\/\/fricktaleroffiziere.ch\/?p=1652"},"modified":"2011-03-17T18:10:16","modified_gmt":"2011-03-17T16:10:16","slug":"militar-orientierungstage-in-frick","status":"publish","type":"post","link":"https:\/\/fricktaleroffiziere.ch\/?p=1652","title":{"rendered":"Milit\u00e4r-Orientierungstage in Frick"},"content":{"rendered":"<p>Letzten Herbst war der Pr\u00e4sident der FOG zu Besuch an einem der Orientierungstage, durchgef\u00fchrt vom Kreiskommando Aargau (<a href=\"http:\/\/fricktaleroffiziere.ch\/?p=858\" target=\"_blank\">siehe Bericht<\/a>). Daraus abgeleitet hat er folgende Chancen f\u00fcr die FOG ausgemacht:<!--more--><\/p>\n<blockquote><p><strong><\/strong>Teilnahme an den Orientierungstagen mit je 1 Offizier\/F\u00fchrungskraft in  der Wirtschaft, der insbesondere den Teil &#8220;Kaderausbildung\/Weitermachen&#8221;  pr\u00e4sentiert. Es macht sicher mehr Eindruck, wenn ein den anwesenden  Bekannter Offizier diesen Teil n\u00e4her bringt. Dieser Of, welche auf &#8220;der  Seite der Rekruten&#8221; steht, kann \u00fcberdies &#8220;den Puls f\u00fchlen&#8221; und im  pers\u00f6nlichen Gespr\u00e4ch f\u00fcr die Sache der Armee &#8220;k\u00e4mpfen&#8221; &#8211; insbesondere  nat\u00fcrlich f\u00fcr die Kaderausbildung. <strong><em>Ziel muss sein, dass der Armee an diesen fr\u00fchen Abzweigungen m\u00f6glichst wenig potentielle Kader abspringen.<\/em><\/strong> Die lokalen Offiziers- (und Unteroffiziers)gesellschaften k\u00f6nnen dazu etwas beitragen.<\/p>\n<p style=\"text-align: right;\">Quelle: <a href=\"http:\/\/fricktaleroffiziere.ch\/?p=858\" target=\"_blank\">fricktaleroffiziere.ch<\/a><\/p>\n<\/blockquote>\n<p>Nun stehen die Orientierungstage 2011 f\u00fcr Stellungspflichtige aus dem Fricktal an. Sie werden im <a href=\"http:\/\/maps.google.com\/maps?f=q&amp;source=s_q&amp;hl=en&amp;geocode=&amp;q=Neumatt+1,+Frick,+Schweiz&amp;aq=&amp;sll=47.510099,8.021886&amp;sspn=0.007363,0.016265&amp;g=Neumatt+19,+Frick,+Schweiz&amp;ie=UTF8&amp;hq=&amp;hnear=Neumatt+1,+5070+Frick,+Laufenburg,+Aargau,+Switzerland&amp;ll=47.509505,8.022975&amp;spn=0.001841,0.004066&amp;t=h&amp;z=18\" target=\"_blank\">Feuerwehrgeb\u00e4ude in Frick<\/a> durchgef\u00fchrt und sind nach Milit\u00e4rsektionen organisiert:<\/p>\n<ul>\n<li>21.03.2011, 0730 &#8211; 1200: Densb\u00fcren \/ Gipf-Oberfrick<\/li>\n<li>21.03.2011, 1315 &#8211; 1745: Unterb\u00f6zberg<\/li>\n<li>22.03.2011, 0730 &#8211; 1200: Eiken \/ Hottwil<\/li>\n<li>23.03.2011, 0730 &#8211; 1200: Laufenburg<\/li>\n<li>24.03.2011, 0730 &#8211; 1200: Hornussen \/ Oberhof<\/li>\n<li>25.03.2011, 0730 &#8211; 1200: Frick<\/li>\n<li>28.03.2011, 0730 &#8211; 1200: Rheinfelden<\/li>\n<li>29.03.2011, 0730 &#8211; 1200: Rheinfelden<\/li>\n<li>29.03.2011, 1315 &#8211; 1745: Rheinfelden<\/li>\n<li>30.03.2011, 0730 &#8211; 1200: Rheinfelden<\/li>\n<li>30.03.2011, 1315 &#8211; 1745: Wallbach<\/li>\n<li>31.03.2011, 0730 &#8211; 1200: Magden \/ Stein<\/li>\n<\/ul>\n<p>Offiziere, die sich einen halben Tag Zeit nehmen k\u00f6nnen, sind aufgerufen, an der Informationsveranstaltung teilzunehmen und mit den jungen B\u00fcrgern Kontakt aufzunehmen. Im pers\u00f6nlichen Gespr\u00e4ch in den Pausen kann insbesondere auch auf die M\u00f6glichkeiten der milit\u00e4rischen Weiterbildung hingewiesen werden.<\/p>\n<p>Interessierte melden sich bitte umgehend beim Pr\u00e4sidenten der FOG (<a href=\"mailto:info@fricktaleroffiziere.ch\" target=\"_blank\">info@fricktaleroffiziere.ch<\/a>).<\/p>\n","protected":false},"excerpt":{"rendered":"<p>Die Orientierungstage 2011 f\u00fcr Stellungspflichtige aus dem Fricktal stehen an. Sie werden im Feuerwehrgeb\u00e4ude in Frick durchgef\u00fchrt und sind nach Milit\u00e4rsektionen organisiert. Offiziere, die sich einen halben Tag Zeit nehmen k\u00f6nnen, sind aufgerufen, an der Informationsveranstaltung teilzunehmen und mit den jungen B\u00fcrgern Kontakt aufzunehmen. <a href=\"https:\/\/fricktaleroffiziere.ch\/?p=1652\">Weiterlesen <span class=\"meta-nav\">&rarr;<\/span><\/a><\/p>\n","protected":false},"author":28,"featured_media":0,"comment_status":"open","ping_status":"open","sticky":false,"template":"","format":"standard","meta":{"_monsterinsights_skip_tracking":false,"_monsterinsights_sitenote_active":false,"_monsterinsights_sitenote_note":"","_monsterinsights_sitenote_category":0,"_s2mail":"yes","footnotes":""},"categories":[86,59,53],"tags":[337,68,320],"class_list":["post-1652","post","type-post","status-publish","format-standard","hentry","category-86","category-armee","category-fog","tag-kr-kdo-ag","tag-laufbahn","tag-veranstaltungen"],"_links":{"self":[{"href":"https:\/\/fricktaleroffiziere.ch\/index.php?rest_route=\/wp\/v2\/posts\/1652","targetHints":{"allow":["GET"]}}],"collection":[{"href":"https:\/\/fricktaleroffiziere.ch\/index.php?rest_route=\/wp\/v2\/posts"}],"about":[{"href":"https:\/\/fricktaleroffiziere.ch\/index.php?rest_route=\/wp\/v2\/types\/post"}],"author":[{"embeddable":true,"href":"https:\/\/fricktaleroffiziere.ch\/index.php?rest_route=\/wp\/v2\/users\/28"}],"replies":[{"embeddable":true,"href":"https:\/\/fricktaleroffiziere.ch\/index.php?rest_route=%2Fwp%2Fv2%2Fcomments&post=1652"}],"version-history":[{"count":5,"href":"https:\/\/fricktaleroffiziere.ch\/index.php?rest_route=\/wp\/v2\/posts\/1652\/revisions"}],"predecessor-version":[{"id":1656,"href":"https:\/\/fricktaleroffiziere.ch\/index.php?rest_route=\/wp\/v2\/posts\/1652\/revisions\/1656"}],"wp:attachment":[{"href":"https:\/\/fricktaleroffiziere.ch\/index.php?rest_route=%2Fwp%2Fv2%2Fmedia&parent=1652"}],"wp:term":[{"taxonomy":"category","embeddable":true,"href":"https:\/\/fricktaleroffiziere.ch\/index.php?rest_route=%2Fwp%2Fv2%2Fcategories&post=1652"},{"taxonomy":"post_tag","embeddable":true,"href":"https:\/\/fricktaleroffiziere.ch\/index.php?rest_route=%2Fwp%2Fv2%2Ftags&post=1652"}],"curies":[{"name":"wp","href":"https:\/\/api.w.org\/{rel}","templated":true}]}}