{"id":1669,"date":"2011-03-24T12:14:00","date_gmt":"2011-03-24T10:14:00","guid":{"rendered":"tag:google.com,2005:reader\/item\/905a1fc784cde304"},"modified":"2011-03-24T12:42:55","modified_gmt":"2011-03-24T10:42:55","slug":"die-prasidentin-der-ogbb-im-gesprach-mit-radio-basel","status":"publish","type":"post","link":"https:\/\/fricktaleroffiziere.ch\/?p=1669","title":{"rendered":"Die Pr\u00e4sidentin der OGBB im Gespr\u00e4ch mit Radio Basel"},"content":{"rendered":"<p>Anl\u00e4sslich der bevorstehenden Generalversammlung der OGBB hat sich die Pr\u00e4sidentin der OGBB, Oberst Doris Walther, einigen aktuellen Fragen gestellt.<\/p>\n<p><a href=\"http:\/\/www.radiobasel.ch\/\">Radio Basel<\/a><\/p>\n","protected":false},"excerpt":{"rendered":"<p>Anl\u00e4sslich der bevorstehenden Generalversammlung der OGBB hat sich die Pr\u00e4sidentin der OGBB, Oberst Doris Walther, einigen aktuellen Fragen gestellt.<\/p>\n<p>Radio Basel <a href=\"https:\/\/fricktaleroffiziere.ch\/?p=1669\">Weiterlesen <span class=\"meta-nav\">&rarr;<\/span><\/a><\/p>\n","protected":false},"author":19,"featured_media":0,"comment_status":"closed","ping_status":"open","sticky":false,"template":"","format":"standard","meta":{"_monsterinsights_skip_tracking":false,"_monsterinsights_sitenote_active":false,"_monsterinsights_sitenote_note":"","_monsterinsights_sitenote_category":0,"_s2mail":"yes","footnotes":""},"categories":[86,82],"tags":[324,60,336],"class_list":["post-1669","post","type-post","status-publish","format-standard","hentry","category-86","category-ogbb","tag-kommunikation","tag-medienberichte","tag-ogbb"],"_links":{"self":[{"href":"https:\/\/fricktaleroffiziere.ch\/index.php?rest_route=\/wp\/v2\/posts\/1669","targetHints":{"allow":["GET"]}}],"collection":[{"href":"https:\/\/fricktaleroffiziere.ch\/index.php?rest_route=\/wp\/v2\/posts"}],"about":[{"href":"https:\/\/fricktaleroffiziere.ch\/index.php?rest_route=\/wp\/v2\/types\/post"}],"author":[{"embeddable":true,"href":"https:\/\/fricktaleroffiziere.ch\/index.php?rest_route=\/wp\/v2\/users\/19"}],"replies":[{"embeddable":true,"href":"https:\/\/fricktaleroffiziere.ch\/index.php?rest_route=%2Fwp%2Fv2%2Fcomments&post=1669"}],"version-history":[{"count":2,"href":"https:\/\/fricktaleroffiziere.ch\/index.php?rest_route=\/wp\/v2\/posts\/1669\/revisions"}],"predecessor-version":[{"id":1670,"href":"https:\/\/fricktaleroffiziere.ch\/index.php?rest_route=\/wp\/v2\/posts\/1669\/revisions\/1670"}],"wp:attachment":[{"href":"https:\/\/fricktaleroffiziere.ch\/index.php?rest_route=%2Fwp%2Fv2%2Fmedia&parent=1669"}],"wp:term":[{"taxonomy":"category","embeddable":true,"href":"https:\/\/fricktaleroffiziere.ch\/index.php?rest_route=%2Fwp%2Fv2%2Fcategories&post=1669"},{"taxonomy":"post_tag","embeddable":true,"href":"https:\/\/fricktaleroffiziere.ch\/index.php?rest_route=%2Fwp%2Fv2%2Ftags&post=1669"}],"curies":[{"name":"wp","href":"https:\/\/api.w.org\/{rel}","templated":true}]}}