{"id":1675,"date":"2011-03-26T20:12:59","date_gmt":"2011-03-26T18:12:59","guid":{"rendered":"http:\/\/fricktaleroffiziere.ch\/?p=1675"},"modified":"2011-03-26T21:34:35","modified_gmt":"2011-03-26T19:34:35","slug":"ruckblick-auf-die-107-generalversammlung","status":"publish","type":"post","link":"https:\/\/fricktaleroffiziere.ch\/?p=1675","title":{"rendered":"R\u00fcckblick auf die 107. Generalversammlung"},"content":{"rendered":"<p>Am Freitag 25. M\u00e4rz 2011 fand im Gasthaus &#8216;Pinte&#8217; in Sisseln die 107. ordentliche Generalversammlung der Fricktalischen Offiziersgesellschaft (FOG) statt. 26 Mitglieder oder fast ein Viertel aller Mitglieder fanden sich dieses Jahr ein, um in erster Priorit\u00e4t \u00fcber eine Statutenrevision zu entscheiden.<\/p>\n<p><!--more-->Der Pr\u00e4sident, Major im Generalstab Markus M. M\u00fcller, f\u00fchrte durch seine erste Versammlung in dieser Funktion. Er begr\u00fcsste unter den Anwesenden den Pr\u00e4sidenten der <a href=\"http:\/\/aargauer-offiziersgesellschaft.ch\/\" target=\"_blank\">Aargauischen Offiziersgesellschaft<\/a>, Oberstleutnant im Generalstab Daniel Reimann &#8211; ein geb\u00fcrtiger Fricktaler &#8211; sowie die ehemaligen Pr\u00e4sidenten der FOG Oberst Isidor B\u00fcrgi jun. sowie Hauptmann Ren\u00e9 Birri.<\/p>\n<p>Nach den Ausf\u00fchrungen von Oberstlt i Gst Reimann zur <strong>aktuellen Diskussion um die <a href=\"http:\/\/www.asmz.ch\/\" target=\"_blank\">ASMZ<\/a><\/strong>, dem Publikationorgan der <a href=\"http:\/\/www.sog.ch\" target=\"_blank\">Schweizerischen Offiziersgesellschaft<\/a> (SOG), folgte die eigentliche Versammlung. In seinem <strong><a href=\"http:\/\/fricktaleroffiziere.ch\/wp-content\/uploads\/2011\/02\/2010-FOG-Jahresbericht.pdf\">Jahresbericht<\/a><\/strong> ging der Pr\u00e4sident auch auf das aktuelle globale und nationale Umfeld ein und \u00e4usserte sich kritisch zum Zustand der Schweizer Sicherheitspolitik.<\/p>\n<p>Die vom Vorstand beantragte <strong><a title=\"Einladung zur Generalversammlung 2011\" href=\"http:\/\/fricktaleroffiziere.ch\/?p=1572\">Statutenrevision<\/a><\/strong> f\u00fchrte zu einer lebhaften, guten und differenzierten Diskussion. In der Schlussabstimmung haben sich 19 Mitglieder f\u00fcr die Revision ausgesprochen, womit das notwendige Quorum von 2\/3 der anwesenden Mitglieder erreicht wurde.<\/p>\n<p>Aus dem <strong>Vorstand<\/strong> wurden nach 15 bzw. 20 Jahren T\u00e4tigkeit als Aktuar, Besitzer oder Vizepr\u00e4sident die beiden Hauptleute Georg Wyss und Ruedi Egli verabschiedet. Mit je einem kulinarischen und entspannenden Geschenk dankte die Versammlung den beiden f\u00fcr Ihren langj\u00e4hrigen Einsatz.<\/p>\n<p>Der <strong>Vorstand 2011<\/strong> setzt sich zusammen aus Maj i Gst Markus M. M\u00fcller (Pr\u00e4sident), Hptm Simon Bolliger (Kassier) und Maj Beat B\u00fchler (Aktuar). Als Verbindungsoffizier zur OGBB amtet Oblt Simon Stocker.<\/p>\n<p>Neu besetzt wurde auch die <strong>Revisionsstelle<\/strong>. Oblt Christoph Staubli und Oblt Raphael Schmid haben die Funktionen von Maj Peter Martin und Hptm Matthias Renevey \u00fcbernommen.<\/p>\n<p>F\u00fcr 2011 sind wiederum verschiedene <strong>Aktivit\u00e4ten<\/strong> geplant. So etwa ein Besuch des Bundeshauses unter der Leitung unseres Mitglieds und St\u00e4nderates Maximilian Reimann, ein kulinarischer Abend im Herbst sowie verschiedene kommunikative Massnahmen.<\/p>\n<p>Auch das <strong>Budget 2011<\/strong> geht von einem ausgeglichenen Ergebnis aus. Der Beitrag f\u00fcr Aktiv-Mitglieder bleibt bei 70 Franken. G\u00f6nner sind mit mindestens 50 Franken dabei.<\/p>\n<p>Der Pr\u00e4sident schloss die Versammlung und lud die Anwesenden auf Kosten des Vereins zu einem &#8211; zwar etwas sp\u00e4ten &#8211; Nachtessen ein.<\/p>\n","protected":false},"excerpt":{"rendered":"<p>Am Freitag 25. M\u00e4rz 2011 fand im Gasthaus &#8216;Pinte&#8217; in Sisseln die 107. ordentliche Generalversammlung der Fricktalischen Offiziersgesellschaft (FOG) statt. 26 Mitglieder oder fast ein Viertel aller Mitglieder fanden sich dieses Jahr ein, um in erster Priorit\u00e4t \u00fcber eine Statutenrevision zu entscheiden. <a href=\"https:\/\/fricktaleroffiziere.ch\/?p=1675\">Weiterlesen <span class=\"meta-nav\">&rarr;<\/span><\/a><\/p>\n","protected":false},"author":28,"featured_media":0,"comment_status":"open","ping_status":"open","sticky":false,"template":"","format":"standard","meta":{"_monsterinsights_skip_tracking":false,"_monsterinsights_sitenote_active":false,"_monsterinsights_sitenote_note":"","_monsterinsights_sitenote_category":0,"_s2mail":"yes","footnotes":""},"categories":[86,53],"tags":[320,319],"class_list":["post-1675","post","type-post","status-publish","format-standard","hentry","category-86","category-fog","tag-veranstaltungen","tag-vorstand"],"_links":{"self":[{"href":"https:\/\/fricktaleroffiziere.ch\/index.php?rest_route=\/wp\/v2\/posts\/1675","targetHints":{"allow":["GET"]}}],"collection":[{"href":"https:\/\/fricktaleroffiziere.ch\/index.php?rest_route=\/wp\/v2\/posts"}],"about":[{"href":"https:\/\/fricktaleroffiziere.ch\/index.php?rest_route=\/wp\/v2\/types\/post"}],"author":[{"embeddable":true,"href":"https:\/\/fricktaleroffiziere.ch\/index.php?rest_route=\/wp\/v2\/users\/28"}],"replies":[{"embeddable":true,"href":"https:\/\/fricktaleroffiziere.ch\/index.php?rest_route=%2Fwp%2Fv2%2Fcomments&post=1675"}],"version-history":[{"count":3,"href":"https:\/\/fricktaleroffiziere.ch\/index.php?rest_route=\/wp\/v2\/posts\/1675\/revisions"}],"predecessor-version":[{"id":1688,"href":"https:\/\/fricktaleroffiziere.ch\/index.php?rest_route=\/wp\/v2\/posts\/1675\/revisions\/1688"}],"wp:attachment":[{"href":"https:\/\/fricktaleroffiziere.ch\/index.php?rest_route=%2Fwp%2Fv2%2Fmedia&parent=1675"}],"wp:term":[{"taxonomy":"category","embeddable":true,"href":"https:\/\/fricktaleroffiziere.ch\/index.php?rest_route=%2Fwp%2Fv2%2Fcategories&post=1675"},{"taxonomy":"post_tag","embeddable":true,"href":"https:\/\/fricktaleroffiziere.ch\/index.php?rest_route=%2Fwp%2Fv2%2Ftags&post=1675"}],"curies":[{"name":"wp","href":"https:\/\/api.w.org\/{rel}","templated":true}]}}