{"id":1786,"date":"2011-04-20T18:10:56","date_gmt":"2011-04-20T16:10:56","guid":{"rendered":"http:\/\/gruppe-giardino.ch\/?p=1211"},"modified":"2011-04-28T22:30:06","modified_gmt":"2011-04-28T20:30:06","slug":"maurer-will-veraltete-tiger-jets-modernisieren-lassen","status":"publish","type":"post","link":"https:\/\/fricktaleroffiziere.ch\/?p=1786","title":{"rendered":"Maurer will veraltete Tiger-Jets modernisieren lassen"},"content":{"rendered":"<p style=\"text-align: center;\"><img decoding=\"async\" class=\"aligncenter\" title=\"Tiger F-5\" src=\"http:\/\/www.fliegerweb.com\/user_bilder\/F5E_CH_400x263.jpg\" alt=\"\" \/><\/p>\n<p style=\"text-align: left;\">Weil der Kauf neuer Kampfflugzeuge auf sich warten l\u00e4sst, schl\u00e4gt der VBS-Chef Maurer vor, die Tiger-Flotte wieder auf Vordermann zu bringen. Ansonsten drohe der Luftwaffe eine gef\u00e4hrliche Sicherheitsl\u00fccke.<\/p>\n<p>Weiterlesen auf <a href=\"http:\/\/www.tagesanzeiger.ch\/schweiz\/standard\/Maurer-will-veraltete-TigerJets-modernisieren-lassen\/story\/19477265\">tagesanzeiger.ch<\/a><\/p>\n<div style=\"float: right; padding: 5px 0px 0px 5px;\"><a type=\"button_count\" name=\"fb_share\"><\/a><\/div>\n","protected":false},"excerpt":{"rendered":"<p>Weil der Kauf neuer Kampfflugzeuge auf sich warten l\u00e4sst, schl\u00e4gt der VBS-Chef Maurer vor, die Tiger-Flotte wieder auf Vordermann zu bringen. Ansonsten drohe der Luftwaffe eine gef\u00e4hrliche Sicherheitsl\u00fccke.<br \/>\nWeiterlesen auf tagesanzeiger.ch<br \/>\n <a href=\"https:\/\/fricktaleroffiziere.ch\/?p=1786\">Weiterlesen <span class=\"meta-nav\">&rarr;<\/span><\/a><\/p>\n","protected":false},"author":23,"featured_media":0,"comment_status":"closed","ping_status":"open","sticky":false,"template":"","format":"standard","meta":{"_monsterinsights_skip_tracking":false,"_monsterinsights_sitenote_active":false,"_monsterinsights_sitenote_note":"","_monsterinsights_sitenote_category":0,"_s2mail":"no","footnotes":""},"categories":[86,59],"tags":[97,327,339],"class_list":["post-1786","post","type-post","status-publish","format-standard","hentry","category-86","category-armee","tag-gruppe-giardino","tag-luftwaffe","tag-vbs"],"_links":{"self":[{"href":"https:\/\/fricktaleroffiziere.ch\/index.php?rest_route=\/wp\/v2\/posts\/1786","targetHints":{"allow":["GET"]}}],"collection":[{"href":"https:\/\/fricktaleroffiziere.ch\/index.php?rest_route=\/wp\/v2\/posts"}],"about":[{"href":"https:\/\/fricktaleroffiziere.ch\/index.php?rest_route=\/wp\/v2\/types\/post"}],"author":[{"embeddable":true,"href":"https:\/\/fricktaleroffiziere.ch\/index.php?rest_route=\/wp\/v2\/users\/23"}],"replies":[{"embeddable":true,"href":"https:\/\/fricktaleroffiziere.ch\/index.php?rest_route=%2Fwp%2Fv2%2Fcomments&post=1786"}],"version-history":[{"count":2,"href":"https:\/\/fricktaleroffiziere.ch\/index.php?rest_route=\/wp\/v2\/posts\/1786\/revisions"}],"predecessor-version":[{"id":1826,"href":"https:\/\/fricktaleroffiziere.ch\/index.php?rest_route=\/wp\/v2\/posts\/1786\/revisions\/1826"}],"wp:attachment":[{"href":"https:\/\/fricktaleroffiziere.ch\/index.php?rest_route=%2Fwp%2Fv2%2Fmedia&parent=1786"}],"wp:term":[{"taxonomy":"category","embeddable":true,"href":"https:\/\/fricktaleroffiziere.ch\/index.php?rest_route=%2Fwp%2Fv2%2Fcategories&post=1786"},{"taxonomy":"post_tag","embeddable":true,"href":"https:\/\/fricktaleroffiziere.ch\/index.php?rest_route=%2Fwp%2Fv2%2Ftags&post=1786"}],"curies":[{"name":"wp","href":"https:\/\/api.w.org\/{rel}","templated":true}]}}