{"id":1815,"date":"2011-05-03T06:46:40","date_gmt":"2011-05-03T04:46:40","guid":{"rendered":"http:\/\/fricktaleroffiziere.ch\/?p=1815"},"modified":"2011-05-02T15:49:56","modified_gmt":"2011-05-02T13:49:56","slug":"fricktaler-offiziere-urs-blum","status":"publish","type":"post","link":"https:\/\/fricktaleroffiziere.ch\/?p=1815","title":{"rendered":"Fricktaler Offiziere &#8211; Urs Blum"},"content":{"rendered":"<div>\n<p><span style=\"color: #000000;\">Auch wenn unser Verein eher klein ist, wir kennen einander kaum. Deshalb portraitieren wir einzelne Offiziere aus unseren Reihen.<\/span><\/p>\n<p><span style=\"color: #000000;\">Wir beginnen mit einem langj\u00e4hrigen Mitglied<strong> <\/strong><\/span><\/p>\n<p><span style=\"color: #000000;\"><strong>Urs Blum<a href=\"http:\/\/fricktaleroffiziere.ch\/wp-content\/uploads\/2011\/05\/UrsBlumHund.png\"><img loading=\"lazy\" decoding=\"async\" class=\"alignright size-full wp-image-1847\" title=\"UrsBlumHund\" src=\"http:\/\/fricktaleroffiziere.ch\/wp-content\/uploads\/2011\/05\/UrsBlumHund.png\" alt=\"\" width=\"217\" height=\"166\" srcset=\"https:\/\/fricktaleroffiziere.ch\/wp-content\/uploads\/2011\/05\/UrsBlumHund.png 604w, https:\/\/fricktaleroffiziere.ch\/wp-content\/uploads\/2011\/05\/UrsBlumHund-300x228.png 300w\" sizes=\"auto, (max-width: 217px) 100vw, 217px\" \/><!--more--><\/a><\/strong><\/span><\/p>\n<ul>\n<li><span style=\"color: #000000;\"><em>Wohnort:<\/em> <span style=\"color: #339966;\">Ittenthal<\/span><\/span><\/li>\n<li><span style=\"color: #000000;\"><em>berufliche T\u00e4tigkeit:<\/em> <span style=\"color: #339966;\">pensionierter Biologielehrer<\/span><\/span><\/li>\n<li><span style=\"color: #000000;\"><em>Beschreiben Sie sich mit drei Worten:<\/em> <span style=\"color: #339966;\">Biologielehrer, Wohnmobilreisen, Hundefreund<\/span><\/span><\/li>\n<li><span style=\"color: #000000;\"><em>Offizier seit: <\/em><span style=\"color: #339966;\">1964<\/span><\/span><\/li>\n<li><span style=\"color: #000000;\"><em>Wieso haben Sie &#8220;weiter gemacht&#8221;? Was war Ihr Ziel?<\/em> <span style=\"color: #339966;\">Ehrgeiz, Herausforderungen meistern, Neues Lernen<\/span><\/span><\/li>\n<li><em><span style=\"color: #000000;\">Wichtige milit\u00e4rische Karriereschritte:<\/span><\/em><br \/>\n<span style=\"color: #339966;\"> 1962 &#8211; RS Kavallerie<br \/>\n1964 &#8211; Dragoner Schwadron (Drag Schw) 15, Zfhr, Lt<br \/>\n1968 &#8211; Stab\u00a0Drag Abt 5, Nof, Oblt<br \/>\n1972 &#8211; Drag Schw 14, Kdt, Oblt\/Hptm<br \/>\n1974 &#8211; Pz Gren Kp IV\/25, Kdt, Hptm<br \/>\n1976 &#8211; Stab\u00a0Rdf Rgt 5, Nof, Hptm, Major<br \/>\n1983 &#8211; Stab\u00a0Ter Zo 9, Lei Nof, Major\/Oberstlt<br \/>\n1991 &#8211; Stab Geb AK 3, Lei Nof, Oberstlt\/Oberst<br \/>\n1997 &#8211; Entlassung aus der Wehrpflicht mit 1717 Diensttagen<\/span><\/li>\n<li><em><span style=\"color: #000000;\">Dank dem Milit\u00e4rdienst habe ich gelernt:<\/span><\/em><br \/>\n<span style=\"color: #339966;\"> &#8220;auf die Z\u00e4hne zu beissen&#8221;, Situationen zu analysieren und L\u00f6sungsstrategien zu entwickeln. <\/span><\/li>\n<li><em><span style=\"color: #000000;\">Das werde ich nie vergessen:<\/span><\/em><br \/>\n<span style=\"color: #339966;\"> &gt; Entlassung in den Sonntagsurlaub nach einer verregneten Biwakwoche w\u00e4hrend\u00a0\tder RS &#8211; im\u00a0verschmutzten, nassen Arbeitstenue, weil es nicht mehr m\u00f6glich war, die nassen, und deshalb eng\u00a0anliegenden Reitstiefel auszuziehen.<br \/>\n&gt; Die n\u00e4chtlichen, bis 100 km langen Ritte bei Man\u00f6ververschiebungen (z.B. vom\u00a0\tBerner\u00a0Jura in die Ostschweiz)<\/span><\/li>\n<li><span style=\"color: #000000;\"><em>Welche T\u00e4tigkeit beherrschen Sie so gut, dass man sie daf\u00fcr auch entlohnen m\u00fcsste?<\/em> <span style=\"color: #339966;\">Filmen, Fotografieren, handwerkliche T\u00e4tigkeiten<\/span><\/span><\/li>\n<li><span style=\"color: #000000;\"><em>Was ich den Mitgliedern anbieten kann:<\/em> <span style=\"color: #339966;\">Film-\/Fotoreportagen;\u00a0Beratung bez\u00fcglich Hundeerziehung und Reitunterricht<\/span><\/span><\/li>\n<li><span style=\"color: #000000;\"><em>Wie sieht die Welt in 10 Jahren aus? <\/em><span style=\"color: #339966;\">Weil ich als Nachrichtenoffizier gelernt habe, auch das &#8220;Unm\u00f6gliche&#8221; zu denken, ist \talles denkbar. Um zu wissen, wie die Welt in 10 Jahren aussehen wird, w\u00fcnsche ich \tmir, noch 10 Jahre zu leben.<\/span><\/span><\/li>\n<li><span style=\"color: #000000;\"><em>Welche Frage sollen wir dem n\u00e4chsten Mitglied stellen? <\/em><span style=\"color: #339966;\">Wenn Sie einen Wunsch offen h\u00e4tten; wie w\u00fcrde der lauten\u00a0a) die\u00a0Schweizerarmee und\u00a0b) die Schweizerische Politik betreffend?<\/span><\/span><\/li>\n<li><span style=\"color: #000000;\"><em>Was wollen Sie uns sonst noch sagen? <\/em><span style=\"color: #339966;\">Mein Kompliment und mein Dank an den Vorstand f\u00fcr seine gute Arbeit; z.B den \t\tBlog \tund jetzt auch die Idee mit den Portraits.<\/span><\/span><\/li>\n<\/ul>\n<\/div>\n<p><a href=\"http:\/\/fricktaleroffiziere.ch\/wp-content\/uploads\/2011\/04\/UrsBlum1970Springen.jpeg\"><span style=\"color: #000000;\"><img loading=\"lazy\" decoding=\"async\" class=\"aligncenter size-full wp-image-1824\" title=\"UrsBlum1970Springen\" src=\"http:\/\/fricktaleroffiziere.ch\/wp-content\/uploads\/2011\/04\/UrsBlum1970Springen.jpeg\" alt=\"\" width=\"484\" height=\"322\" srcset=\"https:\/\/fricktaleroffiziere.ch\/wp-content\/uploads\/2011\/04\/UrsBlum1970Springen.jpeg 484w, https:\/\/fricktaleroffiziere.ch\/wp-content\/uploads\/2011\/04\/UrsBlum1970Springen-300x199.jpg 300w\" sizes=\"auto, (max-width: 484px) 100vw, 484px\" \/><\/span><\/a><\/p>\n<p style=\"text-align: center;\"><span style=\"color: #000000;\"><em>Oblt Urs Blum, 1970<\/em><\/span><\/p>\n<p style=\"text-align: left;\"><span style=\"color: #000000;\">Haben Sie weitere Fragen an Urs Blum? Die Kommentarfunktion bietet Platz&#8230;<\/span><\/p>\n","protected":false},"excerpt":{"rendered":"<p>Auch wenn unser Verein eher klein ist, wir kennen einander kaum. Deshalb portraitieren wir einzelne Offiziere aus unseren Reihen. Wir beginnen mit einem langj\u00e4hrigen Mitglied Urs Blum<\/p>\n","protected":false},"author":28,"featured_media":0,"comment_status":"open","ping_status":"open","sticky":false,"template":"","format":"standard","meta":{"_monsterinsights_skip_tracking":false,"_monsterinsights_sitenote_active":false,"_monsterinsights_sitenote_note":"","_monsterinsights_sitenote_category":0,"_s2mail":"yes","footnotes":""},"categories":[86,1,53],"tags":[100,321,99],"class_list":["post-1815","post","type-post","status-publish","format-standard","hentry","category-86","category-allg","category-fog","tag-fricktal","tag-offiziere","tag-portraits"],"_links":{"self":[{"href":"https:\/\/fricktaleroffiziere.ch\/index.php?rest_route=\/wp\/v2\/posts\/1815","targetHints":{"allow":["GET"]}}],"collection":[{"href":"https:\/\/fricktaleroffiziere.ch\/index.php?rest_route=\/wp\/v2\/posts"}],"about":[{"href":"https:\/\/fricktaleroffiziere.ch\/index.php?rest_route=\/wp\/v2\/types\/post"}],"author":[{"embeddable":true,"href":"https:\/\/fricktaleroffiziere.ch\/index.php?rest_route=\/wp\/v2\/users\/28"}],"replies":[{"embeddable":true,"href":"https:\/\/fricktaleroffiziere.ch\/index.php?rest_route=%2Fwp%2Fv2%2Fcomments&post=1815"}],"version-history":[{"count":10,"href":"https:\/\/fricktaleroffiziere.ch\/index.php?rest_route=\/wp\/v2\/posts\/1815\/revisions"}],"predecessor-version":[{"id":1854,"href":"https:\/\/fricktaleroffiziere.ch\/index.php?rest_route=\/wp\/v2\/posts\/1815\/revisions\/1854"}],"wp:attachment":[{"href":"https:\/\/fricktaleroffiziere.ch\/index.php?rest_route=%2Fwp%2Fv2%2Fmedia&parent=1815"}],"wp:term":[{"taxonomy":"category","embeddable":true,"href":"https:\/\/fricktaleroffiziere.ch\/index.php?rest_route=%2Fwp%2Fv2%2Fcategories&post=1815"},{"taxonomy":"post_tag","embeddable":true,"href":"https:\/\/fricktaleroffiziere.ch\/index.php?rest_route=%2Fwp%2Fv2%2Ftags&post=1815"}],"curies":[{"name":"wp","href":"https:\/\/api.w.org\/{rel}","templated":true}]}}