{"id":1836,"date":"2011-05-02T15:35:35","date_gmt":"2011-05-02T13:35:35","guid":{"rendered":"http:\/\/gruppe-giardino.ch\/?p=1251"},"modified":"2011-05-02T15:31:26","modified_gmt":"2011-05-02T13:31:26","slug":"fragen-an-die-sicherheitspolitiker","status":"publish","type":"post","link":"https:\/\/fricktaleroffiziere.ch\/?p=1836","title":{"rendered":"Fragen an die Sicherheitspolitiker"},"content":{"rendered":"<p>Gestern Abend hat die Gruppe GIARDINO mehrere Fragen an Sicherheitspolitiker zugestellt. Denn bevor sich National- und St\u00e4nderat auf ein \u201cArmeemodell\u201d mit definierten Bestandeszahlen und einer finanziellen Obergrenze festlegen, m\u00f6chte GIARDINO die Diskussion weg von diesen beiden Zahlen f\u00fchren, versachlichen und st\u00e4rker auf milit\u00e4rische Leistungen leiten.<\/p>\n<p>Wir haben die Politiker um einen Moment gebeten in dem sie dar\u00fcber nachdenken, ob sie in der aktuellen sicherheitspolitischen Diskussion \u201cdas Richtige\u201d tun. Dazu sollen unsere Fragen dienen. Wenn unsere Politiker nach der Beantwortung der Fragen von ihrer \u201cL\u00f6sung\u201d umso mehr \u00fcberzeugt sind, kann ihnen das nur recht sein. Wenn sie jedoch zu zweifeln beginnen, w\u00e4re unser Ziel erreicht. Vielleicht erkennen sie dann, dass sie auf \u201cdem falschen Dampfer\u201d fahren.<!--more--><\/p>\n<p>Sollte GIARDINO Antworten auf die Fragen sowie weiterf\u00fchrende \u00dcberlegungen und Begr\u00fcndungen erhalten, werden wir diese Reaktionen und Stellungnahmen publizieren.<span id=\"more-1251\"> <\/span><\/p>\n<p><span style=\"color: #993366;\"><strong>Fragekatalog<\/strong><\/span><\/p>\n<p><!-- p.p1 {margin: 0.0px 0.0px 0.0px 0.0px; font: 20.0px Helvetica} p.p2 {margin: 0.0px 0.0px 0.0px 0.0px; font: 20.0px Helvetica; min-height: 24.0px} --><strong>Volksentscheide\u00a0zur Armee XXI<\/strong> (Grundlagen)<\/p>\n<ul>\n<li>Die \u201c<strong>Halbierungsinitiative<\/strong>\u201c[1]\u00a0wurde 2000 abgelehnt. Inzwischen sind die Ausgaben f\u00fcr die Armee von\u00a01,2% des\u00a0BIP auf 0,8% des BIP gesunken. Wurde der Volksentscheid also umgesetzt?<\/li>\n<li>Gilt der\u00a0<strong>Volksentscheid zur Armee XXI<\/strong> mit seinen Eckwerten von 2003\u00a0noch?<\/li>\n<li>Wie rechtfertigen Sie vor dem\u00a0Hintergrund dieses Volksentscheides den Entwicklungsschritt 08\/11 bzw.\u00a0die\u00a0aktuelle Armeediskussion?<\/li>\n<li>Hat die dem Volk \u2013 im Vorfeld der\u00a0Abstimmung \u2013 versprochene\u00a0<strong>Armee XXI<\/strong> die\u00a0<strong>geforderten Ziele<\/strong> erreicht?\u00a0Welche Ziele sind das? Wie und durch wen wurde die Zielerreichung\u00a0\u00fcberpr\u00fcft?<\/li>\n<li>Welches ist der\u00a0<strong>Hauptgrund<\/strong>, dass nach A 95, A XXI und dem ES 08\/11 nun zum\u00a04. Mal in 20 Jahren eine\u00a0Armeereform n\u00f6tig ist? Wurden Alternativen gepr\u00fcft?\u00a0Wieso l\u00e4sst man die Armee nicht zuerst die\u00a0bestehenden Probleme l\u00f6sen, bevor\u00a0man sie in ein neues \u201cAbenteuer\u201d schickt?<\/li>\n<\/ul>\n<p style=\"padding-left: 60px;\"><em>[1]\u00a0Die Initiative verlangte: Der\u00a0Bund k\u00fcrzt schrittweise die Kredite f\u00fcr die Landesverteidigung, bis die\u00a0Ausgaben f\u00fcr die Landesverteidigung sp\u00e4testens zehn Jahre nach\u00a0Annahme dieser\u00a0\u00dcbergangsbestimmung auf die\u00a0H\u00e4lfte der Rechnung des Jahres 1987\u00a0reduziert\u00a0sind. Die Teuerung wird dabei ausgeglichen.<\/em><\/p>\n<p><!-- p.p1 {margin: 0.0px 0.0px 0.0px 0.0px; font: 20.0px Helvetica} p.p2 {margin: 0.0px 0.0px 0.0px 0.0px; font: 20.0px Helvetica; min-height: 24.0px} --><strong>Bedrohungen<\/strong><\/p>\n<ul>\n<li>Woran erkennen Sie, dass sich die\u00a0Sicherheitslage in Europa zuspitzt?<\/li>\n<li>Wie hat sich die\u00a0<strong>wirtschaftliche und die sicherheitspolitische Lage in Europa<\/strong> in den letzten 10 Jahren\u00a0entwickelt \u2013 positiv, negativ oder ist sie in etwa\u00a0gleich geblieben?<\/li>\n<li>Welche Entwicklung \u2013 wirtschaftlich und\u00a0sicherheitspolitisch \u2013 erwarten Sie f\u00fcr die n\u00e4chsten 5 bis 10\u00a0Jahren?<\/li>\n<li>Welches sind aus Ihrer Sicht die\u00a0<strong>gr\u00f6ssten Bedrohungen<\/strong> f\u00fcr die\u00a0Schweiz als Bundesstaat in den n\u00e4chsten 5\u00a0bis 10 Jahren?<\/li>\n<li>Sind das Auseinanderbrechen der EU, des\u00a0Euro, oder anderer Vereinbarungen (z.B. Schengen) Szenarien,\u00a0wor\u00fcber die\u00a0Politik\u00a0<strong>nachdenken und sich\u00a0vorbereiten<\/strong> sollte?<\/li>\n<li>Welchen Einfluss haben solche Szenarien\u00a0auf die aktuelle sicherheitspolitische Debatte?<\/li>\n<li>Sind Politik und insbesondere Armee\u00a0heute auf solche Szenarien vorbereitet? Wenn NEIN:\u00a0<strong>Wie schnell\u00a0m\u00fcssten sie vorbereitet sein<\/strong>?<\/li>\n<li>Rechtfertigen die\u00a0<strong>aktuellen Probleme<\/strong> (u.a. Schuldenkrise, Migrationsstr\u00f6me)\u00a0eine Erh\u00f6hung der\u00a0Verteidigungsausgaben und eine h\u00f6here Gewichtung der\u00a0Sicherheitspolitik?<\/li>\n<\/ul>\n<p><!-- p.p1 {margin: 0.0px 0.0px 0.0px 0.0px; font: 20.0px Helvetica} p.p2 {margin: 0.0px 0.0px 0.0px 0.0px; font: 20.0px Helvetica; min-height: 24.0px} --><strong>Leistungsf\u00e4higkeit der Armee<\/strong> (Definition\u00a0SOLL)<\/p>\n<ul>\n<li>Welche\u00a0<strong>milit\u00e4rischen Leistungen<\/strong> soll die\u00a0Armee <strong>gleichzeitig<\/strong> erbringen k\u00f6nnen?<br \/>\na) Abwehr\u00a0eines milit\u00e4risch organisierten, mechanisierten und modern ausger\u00fcsteten\u00a0Gegners\u00a0(Beschreiben\u00a0Sie Mannst\u00e4rke und Kampfkraft des\u00a0Gegners)<br \/>\nb) Schutz\u00a0kritischer Infrastruktur\u00a0(Bezeichnen Sie die Anzahl und Art der Objekte\u00a0z.B. KKW, Flughafen,\u00a0Versorgungseinrichtungen, Br\u00fccken\/Tunnels, \u00f6ffentliche\u00a0Geb\u00e4ude)<br \/>\nc) \u00dcberwachen\u00a0von R\u00e4umen\u00a0(Gr\u00f6sse in km2, Art [\u00fcberbaut, offen])\u00a0und Transversalen\u00a0(L\u00e4nge in km)<br \/>\nd) Schutz\u00a0der eigenen Truppen und Infrastruktur\u00a0(Ja\/Nein)<br \/>\ne) Grenzschutz\u00a0(L\u00e4nge der zu sch\u00fctzenden Grenze in km; max 1\u2019858 km)<br \/>\nf) Permanenter\u00a0Schutz des Luftraums\u00a0(Ja\/Nein)<\/li>\n<li><strong>Wie schnell<\/strong> soll die Armee bereit sein, diese einzelnen\u00a0Leistungen zu erbringen (\u201cMobilmachung\u201d)?<br \/>\n&#8211; aus\u00a0dem Stand (innert 24h)<br \/>\n&#8211; nach\u00a0wenigen (max 4) Wochen<br \/>\n&#8211; nach\u00a0(max 6) Monaten<br \/>\n&#8211;\u00a0nach (max 2) Jahren<\/li>\n<li><strong>Wie lange<\/strong> soll die Armee diese einzelnen Leistungen\u00a0erbringen k\u00f6nnen (Durchhaltef\u00e4higkeit)?<br \/>\n&#8211; \u00fcber\u00a0(max 9) Wochen<br \/>\n&#8211;\u00a0\u00fcber (max 12) Monate<br \/>\n&#8211;\u00a0\u00fcber mehrere Jahre<\/li>\n<li>K\u00f6nnen die oben von Ihnen definierten\u00a0Leistungen von der\u00a0<strong>aktuellen Armee<\/strong> erf\u00fcllt werden? Wenn NEIN:\u00a0Wieso nicht? Welche Stellgr\u00f6ssen m\u00fcssten ge\u00e4ndert\u00a0werden?<\/li>\n<\/ul>\n<p><!-- p.p1 {margin: 0.0px 0.0px 0.0px 0.0px; font: 20.0px Helvetica} p.p2 {margin: 0.0px 0.0px 0.0px 0.0px; font: 20.0px Helvetica; min-height: 24.0px} --><strong>Geplante Armee<\/strong><\/p>\n<ul>\n<li>K\u00f6nnen die oben von Ihnen definierten\u00a0Leistungen von der nun\u00a0<strong>geplanten\u00a0Armee<\/strong> bzw. der von Ihnen\u00a0oder Ihrer Partei\u00a0<strong>geforderten Armee <\/strong>erf\u00fcllt werden? Wenn NEIN: Wieso nicht?\u00a0Welche Stellgr\u00f6ssen\u00a0m\u00fcssten ge\u00e4ndert werden? Wie rechtfertigen Sie eine\u00a0allf\u00e4llige Differenz?<\/li>\n<li>Erf\u00fcllt die von Ihnen bzw. Ihrer Partei\u00a0geforderte Armee die Vorgaben der\u00a0<strong>Bundesverfassung<\/strong> (Art. 58 Abs.\u00a02, Art. 52 und 57, Art. 173 Abs. 1a und b sowie Art. 185 Abs. 1\u00a0und 2)?<\/li>\n<li>Wer tr\u00e4gt das \u201c<strong>Restrisiko<\/strong>\u201d (= wenn die [aufgrund der Bedrohung]\u00a0notwendige Leistung [zur Verteidigung\u00a0bzw. dem Schutz der Schweiz und ihrer\u00a0Bev\u00f6lkerung] nicht rechtzeitig und\/oder gen\u00fcgend lange erbracht\u00a0werden kann)?<\/li>\n<\/ul>\n<p><!-- p.p1 {margin: 0.0px 0.0px 0.0px 0.0px; font: 20.0px Helvetica} p.p2 {margin: 0.0px 0.0px 0.0px 0.0px; font: 20.0px Helvetica; min-height: 24.0px} --><strong>Umsetzung<\/strong> (von SOLL zu IST)<\/p>\n<ul>\n<li>Sind Sie oder Ihre Partei bereit, sich\u00a0f\u00fcr die zur Deckung der L\u00fccken notwendigen finanziellen Mittel\u00a0(\u201c<strong>Anschubfinanzierung<\/strong>\u201c)\u00a0einzusetzen?<\/li>\n<li><strong>Bis\u00a0wann<\/strong> ist die Umsetzung abzuschliessen?<\/li>\n<li>Welches sind die\u00a0<strong>Ziele<\/strong> der aktuellen Armeereform?<\/li>\n<li>Wie, wann und durch wen werden die Ziele\u00a0<strong>\u00fcberpr\u00fcft<\/strong>?<\/li>\n<\/ul>\n<p>***<\/p>\n<p>Die Fragen gibt es auch als <a href=\"http:\/\/gruppe-giardino.ch\/wp-content\/uploads\/2011\/05\/20110501-Fragen-an-die-Sicherheitspolitik.pdf\">PDF-Dokument<\/a>.<\/p>\n<p>Wie beantworten unsere Mitglieder diese Fragen? Diskutieren Sie mit!<\/p>\n<div style=\"float: right; padding: 5px 0px 0px 5px;\"><a type=\"button_count\" name=\"fb_share\"><\/a><\/div>\n","protected":false},"excerpt":{"rendered":"<p>Gestern Abend hat die Gruppe GIARDINO mehrere Fragen an Sicherheitspolitiker zugestellt. Denn bevor sich National- und St\u00e4nderat auf ein &#8220;Armeemodell&#8221; mit definierten Bestandeszahlen und einer finanziellen Obergrenze festlegen, m\u00f6chte GIARDINO die Diskussion weg von diesen beiden Zahlen f\u00fchren, versachlichen und st\u00e4rker auf milit\u00e4rische Leistungen leiten. <span> <br \/> &#8594; Weiterlesen: <a href=\"http:\/\/gruppe-giardino.ch\/?p=1251\">Fragen an die Sicherheitspolitiker<\/a><\/span> <a href=\"https:\/\/fricktaleroffiziere.ch\/?p=1836\">Weiterlesen <span class=\"meta-nav\">&rarr;<\/span><\/a><\/p>\n","protected":false},"author":23,"featured_media":0,"comment_status":"closed","ping_status":"open","sticky":false,"template":"","format":"standard","meta":{"_monsterinsights_skip_tracking":false,"_monsterinsights_sitenote_active":false,"_monsterinsights_sitenote_note":"","_monsterinsights_sitenote_category":0,"_s2mail":"yes","footnotes":""},"categories":[86],"tags":[90,97,330,79],"class_list":["post-1836","post","type-post","status-publish","format-standard","hentry","category-86","tag-armeebericht","tag-gruppe-giardino","tag-sicherheitspolitik","tag-strategie"],"_links":{"self":[{"href":"https:\/\/fricktaleroffiziere.ch\/index.php?rest_route=\/wp\/v2\/posts\/1836","targetHints":{"allow":["GET"]}}],"collection":[{"href":"https:\/\/fricktaleroffiziere.ch\/index.php?rest_route=\/wp\/v2\/posts"}],"about":[{"href":"https:\/\/fricktaleroffiziere.ch\/index.php?rest_route=\/wp\/v2\/types\/post"}],"author":[{"embeddable":true,"href":"https:\/\/fricktaleroffiziere.ch\/index.php?rest_route=\/wp\/v2\/users\/23"}],"replies":[{"embeddable":true,"href":"https:\/\/fricktaleroffiziere.ch\/index.php?rest_route=%2Fwp%2Fv2%2Fcomments&post=1836"}],"version-history":[{"count":2,"href":"https:\/\/fricktaleroffiziere.ch\/index.php?rest_route=\/wp\/v2\/posts\/1836\/revisions"}],"predecessor-version":[{"id":1845,"href":"https:\/\/fricktaleroffiziere.ch\/index.php?rest_route=\/wp\/v2\/posts\/1836\/revisions\/1845"}],"wp:attachment":[{"href":"https:\/\/fricktaleroffiziere.ch\/index.php?rest_route=%2Fwp%2Fv2%2Fmedia&parent=1836"}],"wp:term":[{"taxonomy":"category","embeddable":true,"href":"https:\/\/fricktaleroffiziere.ch\/index.php?rest_route=%2Fwp%2Fv2%2Fcategories&post=1836"},{"taxonomy":"post_tag","embeddable":true,"href":"https:\/\/fricktaleroffiziere.ch\/index.php?rest_route=%2Fwp%2Fv2%2Ftags&post=1836"}],"curies":[{"name":"wp","href":"https:\/\/api.w.org\/{rel}","templated":true}]}}