{"id":1953,"date":"2011-06-02T12:57:09","date_gmt":"2011-06-02T10:57:07","guid":{"rendered":"http:\/\/fricktaleroffiziere.ch\/?p=1953"},"modified":"2018-11-26T11:06:45","modified_gmt":"2018-11-26T10:06:45","slug":"fricktaler-offiziere-daniel-laube","status":"publish","type":"post","link":"https:\/\/fricktaleroffiziere.ch\/?p=1953","title":{"rendered":"Fricktaler Offiziere &#8211; Daniel Laube"},"content":{"rendered":"<div>\n<div>\n<p>Auch wenn unser Verein eher klein ist, wir kennen einander kaum. Deshalb portraitieren wir einzelne Offiziere aus unseren Reihen. Dieses Mal Oberstlt Daniel Laube.<\/p>\n<p><strong>Daniel Laube<a href=\"http:\/\/fricktaleroffiziere.ch\/wp-content\/uploads\/2011\/05\/DanielLaube.png\"><img loading=\"lazy\" decoding=\"async\" class=\"alignright size-full wp-image-1956\" title=\"DanielLaube\" src=\"http:\/\/fricktaleroffiziere.ch\/wp-content\/uploads\/2011\/05\/DanielLaube.png\" alt=\"\" width=\"255\" height=\"342\" srcset=\"https:\/\/fricktaleroffiziere.ch\/wp-content\/uploads\/2011\/05\/DanielLaube.png 255w, https:\/\/fricktaleroffiziere.ch\/wp-content\/uploads\/2011\/05\/DanielLaube-223x300.png 223w\" sizes=\"auto, (max-width: 255px) 100vw, 255px\" \/><\/a><\/strong><\/p>\n<ul>\n<li><em>Wohnort:<\/em> <span style=\"color: #339966;\">Erlinsbach AG<\/span><\/li>\n<li><em>berufliche T\u00e4tigkeit:<\/em> <span style=\"color: #339966;\">Dipl. Masch. Ing. FH \/ CTO in einem mittelgrossen Unternehmen<\/span><\/li>\n<li><em>Beschreiben Sie sich mit drei Worten:<\/em> <span style=\"color: #339966;\">aktiv, hilfsbereit, zielstrebig<br \/>\n<\/span><\/li>\n<li><em>Offizier seit: <\/em><span style=\"color: #339966;\">1993<\/span><\/li>\n<li><em>Wieso haben Sie &#8220;weiter gemacht&#8221;? Was war Ihr Ziel?<\/em> <span style=\"color: #339966;\">Ich wollte mich noch<\/span><br \/>\n<span style=\"color: #339966;\"> weiter entwickeln und gr\u00f6ssere Herausforderungen meistern. Zudem war ich \u00fcberzeugt, dass das, was meine Uof konnten, ich auch kann.<!--more--><\/span><\/li>\n<li><em>Wichtige milit\u00e4rische Karriereschritte:<\/em><br \/>\n<span style=\"color: #339966;\">1991 &#8211; RS Sanit\u00e4tssoldat<\/span><br \/>\n<span style=\"color: #339966;\"> 1993 &#8211; San Kp 1\/5, Zfhr, Lt<\/span><br \/>\n<span style=\"color: #339966;\"> 1995 &#8211; Mob Spit Kp 1\/43, Zfhr, Lt<\/span><br \/>\n<span style=\"color: #339966;\"> 1999 &#8211; Spit Stabskp 73, Kdt, Hptm<\/span><br \/>\n<span style=\"color: #339966;\"> 2004 &#8211; Spit Stabskp 5, Kdt, Maj<\/span><br \/>\n<span style=\"color: #339966;\"> 2008 &#8211; Spit Bat 5, Kdt Stv, Maj<\/span><br \/>\n<span style=\"color: #339966;\"> 2011 &#8211; Spit Bat 7, Kdt, Oberstlt<\/span><\/li>\n<li><em>Dank dem Milit\u00e4rdienst habe ich gelernt:<\/em><br \/>\n<span style=\"color: #339966;\">Mit Menschen umzugehen, sie zu f\u00fchren und in schwierigen Situationen die Ruhe bewahren. Alle Ausbildungen haben mir das R\u00fcstzeug gegeben rasch zu Entscheiden und effizient zu Arbeiten.<\/span><\/li>\n<li><em>Das werde ich nie vergessen:<\/em><br \/>\n<span style=\"color: #339966;\">&gt; Meinen ersten Auftritt als Zfhr im Abverdienen.<\/span><br \/>\n<span style=\"color: #339966;\"> &gt; Die Schlussinspektion beim abverdienen als Kp Kdt.<\/span><\/li>\n<li><em>Welche T\u00e4tigkeit beherrschen Sie so gut, dass man sie daf\u00fcr auch entlohnen m\u00fcsste?<\/em> <span style=\"color: #339966;\">Bei meiner T\u00e4tigkeit im Schwimmverband ist die Entl\u00f6hnung, dass die Kinder und Jugentlichen sich immer weiter entwickeln k\u00f6nnen und dabei freude haben.<\/span><\/li>\n<li><em>Was ich den Mitgliedern anbieten kann:<\/em> <span style=\"color: #339966;\">Wissen \u00fcber Sanit\u00e4t, Notfallorganisationen (Feuerwehr) und im Schwimmsport.<\/span><\/li>\n<li><em>Wie sieht die Welt in 10 Jahren aus? <\/em><span style=\"color: #339966;\">Hoffentlich ist Europa auch noch so friedlich. Die aktuelle Situation in Europa, aber auch Afrika und Asien sind sehr labil und k\u00f6nnen auf alle seiten Kippen. Und auch diese Jahr hat gezeigt, dass es schnell gehen kann, wie nachhaltig sehen wir in 10 Jahren.<\/span><\/li>\n<li><em>Wenn Sie einen Wunsch offen h\u00e4tten; wie w\u00fcrde der lauten a) die Schweizerarmee\u00a0und b) die Schweizerische Politik betreffend? <\/em> <span style=\"color: #339966;\">a) Dass der Auftrag die Organisation und die Mittel bestimmt und nicht umgekehrt. b) Dass die Parteien wieder zu Kompromissen finden, dass es eine Weiterentwicklung gibt. Denn das beharren auf den Maximalforderungen gibt eine Blockade und Stillstand ist R\u00fcckschritt.<\/span><\/li>\n<li><em>Welche Frage sollen wir dem n\u00e4chsten Mitglied stellen? <\/em><span style=\"color: #339966;\">Wo sollten die WK&#8217;s statt finden, in den Kasernen oder in den D\u00f6rfern? Und warum?<\/span><\/li>\n<li><em>Was wollen Sie uns sonst noch sagen? <\/em><span style=\"color: #339966;\">Danke an den Vorstand f\u00fcr seine Arbeit und seinen Einsatz. Ich w\u00fcnsche Ihm auch viel Erfolg auf seinen eingeschlagenem Weg.<\/span><\/li>\n<\/ul>\n<\/div>\n<p>Haben Sie weitere Fragen an Daniel Laube? Die Kommentarfunktion bietet Platz&#8230;<\/p>\n<\/div>\n","protected":false},"excerpt":{"rendered":"<p>Auch wenn unser Verein eher klein ist, wir kennen einander kaum. Deshalb portraitieren wir einzelne Offiziere aus unseren Reihen. Dieses Mal Oberstlt Daniel Laube. Daniel Laube Wohnort: Erlinsbach AG berufliche T\u00e4tigkeit: Dipl. Masch. Ing. FH \/ CTO in einem mittelgrossen &hellip; <a href=\"https:\/\/fricktaleroffiziere.ch\/?p=1953\">Weiterlesen <span class=\"meta-nav\">&rarr;<\/span><\/a><\/p>\n","protected":false},"author":28,"featured_media":0,"comment_status":"open","ping_status":"open","sticky":false,"template":"","format":"standard","meta":{"_monsterinsights_skip_tracking":false,"_monsterinsights_sitenote_active":false,"_monsterinsights_sitenote_note":"","_monsterinsights_sitenote_category":0,"_s2mail":"yes","footnotes":""},"categories":[86,53,52],"tags":[100,321,99],"class_list":["post-1953","post","type-post","status-publish","format-standard","hentry","category-86","category-fog","category-offiziere","tag-fricktal","tag-offiziere","tag-portraits"],"_links":{"self":[{"href":"https:\/\/fricktaleroffiziere.ch\/index.php?rest_route=\/wp\/v2\/posts\/1953","targetHints":{"allow":["GET"]}}],"collection":[{"href":"https:\/\/fricktaleroffiziere.ch\/index.php?rest_route=\/wp\/v2\/posts"}],"about":[{"href":"https:\/\/fricktaleroffiziere.ch\/index.php?rest_route=\/wp\/v2\/types\/post"}],"author":[{"embeddable":true,"href":"https:\/\/fricktaleroffiziere.ch\/index.php?rest_route=\/wp\/v2\/users\/28"}],"replies":[{"embeddable":true,"href":"https:\/\/fricktaleroffiziere.ch\/index.php?rest_route=%2Fwp%2Fv2%2Fcomments&post=1953"}],"version-history":[{"count":5,"href":"https:\/\/fricktaleroffiziere.ch\/index.php?rest_route=\/wp\/v2\/posts\/1953\/revisions"}],"predecessor-version":[{"id":5204,"href":"https:\/\/fricktaleroffiziere.ch\/index.php?rest_route=\/wp\/v2\/posts\/1953\/revisions\/5204"}],"wp:attachment":[{"href":"https:\/\/fricktaleroffiziere.ch\/index.php?rest_route=%2Fwp%2Fv2%2Fmedia&parent=1953"}],"wp:term":[{"taxonomy":"category","embeddable":true,"href":"https:\/\/fricktaleroffiziere.ch\/index.php?rest_route=%2Fwp%2Fv2%2Fcategories&post=1953"},{"taxonomy":"post_tag","embeddable":true,"href":"https:\/\/fricktaleroffiziere.ch\/index.php?rest_route=%2Fwp%2Fv2%2Ftags&post=1953"}],"curies":[{"name":"wp","href":"https:\/\/api.w.org\/{rel}","templated":true}]}}