{"id":2361,"date":"2011-06-09T20:01:37","date_gmt":"2011-06-09T18:01:37","guid":{"rendered":"http:\/\/gruppe-giardino.ch\/?p=1504"},"modified":"2011-06-12T21:33:31","modified_gmt":"2011-06-12T19:33:31","slug":"der-bundesrat-fallt-den-schutzen-in-den-rucken","status":"publish","type":"post","link":"https:\/\/fricktaleroffiziere.ch\/?p=2361","title":{"rendered":"Der Bundesrat f\u00e4llt den Sch\u00fctzen in den R\u00fccken"},"content":{"rendered":"<p><!-- p.p1 {margin: 0.0px 0.0px 0.0px 0.0px; font: 20.0px Helvetica} -->Der Bundesrat bezeichnet \u2013 ohne die Abstimmung vom 13. Februar 2011 zu erw\u00e4hnen \u2013 den\u00a0\u00abSchutz vor Waffengewalt\u00bb (genau so lautete der Titel der verworfenen Initiative) als sein\u00a0\u00abwichtiges Anliegen\u00bb. Deshalb wolle und werde er das Waffenrecht Schritt f\u00fcr Schritt versch\u00e4rfen.<\/p>\n<p>Der kurze Hinweis auf diesen Abstimmungserfolg verleitet den Bundesrat aber bloss zur\u00a0<strong>jeden Sch\u00fctzen vor den Kopf stossenden<\/strong> Beteuerung, die Landesregierung lasse sich durch dieses Abstimmungsergebnis von seinem\u00a0<strong>repressiven Kurs<\/strong>gegen\u00fcber privatem Waffenbesitz nicht abbringen.<\/p>\n<p>Weiterlesen auf <a href=\"http:\/\/www.armee-volltreffer.ch\/infos\/-2011\/der-bundesrat-faellt-den-schuetzen-in-den-ruecken.html\">armee-volltreffer.ch<\/a><\/p>\n<p><a href=\"http:\/\/www.parlament.ch\/d\/suche\/seiten\/geschaefte.aspx?gesch_id=20113142\">Wortlaut der Motion und Antwort des Bundesrates<\/a><\/p>\n<div style=\"float: right; padding: 5px 0px 0px 5px;\"><a type=\"button_count\" name=\"fb_share\"><\/a><\/div>\n","protected":false},"excerpt":{"rendered":"<p>Der Bundesrat bezeichnet \u2013 ohne die Abstimmung vom 13. Februar 2011 zu erw\u00e4hnen \u2013 den\u00a0\u00abSchutz vor Waffengewalt\u00bb (genau so lautete der Titel der verworfenen Initiative) als sein\u00a0\u00abwichtiges Anliegen\u00bb. Deshalb wolle und werde er das Waffenrecht&#8230; <a href=\"https:\/\/fricktaleroffiziere.ch\/?p=2361\">Weiterlesen <span class=\"meta-nav\">&rarr;<\/span><\/a><\/p>\n","protected":false},"author":23,"featured_media":0,"comment_status":"closed","ping_status":"open","sticky":false,"template":"","format":"standard","meta":{"_monsterinsights_skip_tracking":false,"_monsterinsights_sitenote_active":false,"_monsterinsights_sitenote_note":"","_monsterinsights_sitenote_category":0,"_s2mail":"yes","footnotes":""},"categories":[86,1,59],"tags":[92,97,330],"class_list":["post-2361","post","type-post","status-publish","format-standard","hentry","category-86","category-allg","category-armee","tag-abstimmung","tag-gruppe-giardino","tag-sicherheitspolitik"],"_links":{"self":[{"href":"https:\/\/fricktaleroffiziere.ch\/index.php?rest_route=\/wp\/v2\/posts\/2361","targetHints":{"allow":["GET"]}}],"collection":[{"href":"https:\/\/fricktaleroffiziere.ch\/index.php?rest_route=\/wp\/v2\/posts"}],"about":[{"href":"https:\/\/fricktaleroffiziere.ch\/index.php?rest_route=\/wp\/v2\/types\/post"}],"author":[{"embeddable":true,"href":"https:\/\/fricktaleroffiziere.ch\/index.php?rest_route=\/wp\/v2\/users\/23"}],"replies":[{"embeddable":true,"href":"https:\/\/fricktaleroffiziere.ch\/index.php?rest_route=%2Fwp%2Fv2%2Fcomments&post=2361"}],"version-history":[{"count":2,"href":"https:\/\/fricktaleroffiziere.ch\/index.php?rest_route=\/wp\/v2\/posts\/2361\/revisions"}],"predecessor-version":[{"id":2505,"href":"https:\/\/fricktaleroffiziere.ch\/index.php?rest_route=\/wp\/v2\/posts\/2361\/revisions\/2505"}],"wp:attachment":[{"href":"https:\/\/fricktaleroffiziere.ch\/index.php?rest_route=%2Fwp%2Fv2%2Fmedia&parent=2361"}],"wp:term":[{"taxonomy":"category","embeddable":true,"href":"https:\/\/fricktaleroffiziere.ch\/index.php?rest_route=%2Fwp%2Fv2%2Fcategories&post=2361"},{"taxonomy":"post_tag","embeddable":true,"href":"https:\/\/fricktaleroffiziere.ch\/index.php?rest_route=%2Fwp%2Fv2%2Ftags&post=2361"}],"curies":[{"name":"wp","href":"https:\/\/api.w.org\/{rel}","templated":true}]}}