{"id":2714,"date":"2011-07-04T01:01:58","date_gmt":"2011-07-04T11:01:57","guid":{"rendered":"http:\/\/fricktaleroffiziere.ch\/?p=2714"},"modified":"2014-03-18T21:09:21","modified_gmt":"2014-03-18T19:09:21","slug":"fricktaler-offiziere-christoph-staubli","status":"publish","type":"post","link":"https:\/\/fricktaleroffiziere.ch\/?p=2714","title":{"rendered":"Fricktaler Offiziere &#8211; Christoph Staubli"},"content":{"rendered":"<div>\n<div>\n<div>\n<p>Auch wenn unser Verein eher klein ist, wir kennen einander kaum. Deshalb portraitieren wir einzelne Offiziere aus unseren Reihen. Dieses Mal unseren Revisor, Oblt Christoph Staubli.<\/p>\n<p><strong>Christoph Staubli<a href=\"http:\/\/fricktaleroffiziere.ch\/wp-content\/uploads\/2011\/06\/ChristophStaubli1.png\"><img loading=\"lazy\" decoding=\"async\" class=\"alignright size-full wp-image-2716\" title=\"ChristophStaubli1\" src=\"http:\/\/fricktaleroffiziere.ch\/wp-content\/uploads\/2011\/06\/ChristophStaubli1.png\" alt=\"\" width=\"212\" height=\"286\" \/><\/a><\/strong><\/p>\n<ul>\n<li>Wohnort: <span style=\"color: #339966;\">Ittenthal<\/span><\/li>\n<li>Berufliche T\u00e4tigkeit:\u00a0<span style=\"color: #339966;\">Eidg. Versicherungsfachmann<\/span><\/li>\n<li>Beschreiben Sie sich mit drei Worten: <span style=\"color: #339966;\">vielseitig, ehrgeizig, aufbauend<\/span><\/li>\n<li>Offizier seit: <span style=\"color: #339966;\">04.06.1989 Die Brevetierung ist ein unvergessliches Erlebnis in der Schlosskirche Rapperswil SG<!--more--><\/span><\/li>\n<li>Wieso haben Sie &#8220;weiter gemacht&#8221;? Was war Ihr Ziel? <span style=\"color: #339966;\">Erfahrungen machen mit der F\u00fchrung von Menschen. Mein Beitrag zur Erhaltung des Erfolgsmodels Schweiz und die Armee ist Teil dessen, dies war mein Antrieb.<\/span><\/li>\n<li>Wichtige milit\u00e4rische Karriereschritte:<br \/>\n<span style=\"color: #339966;\">&#8211; 1987 Flab RS 46, Bttr II Payerne<br \/>\n&#8211; 1988 Flab UOS 46 Bttr I Payerne + Abverdienen<br \/>\n&#8211; 1989 Flieger- Flab Offiziersschule, D\u00fcbendorf<\/span><br \/>\n<span style=\"color: #339966;\">&#8211; 1989 Mob L Flab Bttr V\/7, Zfhr<\/span><br \/>\n<span style=\"color: #339966;\">&#8211; 1992 Abverdienen Piloten RS 42 Riazzino Tessin<\/span><br \/>\n<span style=\"color: #339966;\">&#8211; Ab 1993 Umschulungskurse auf die Stinger Lenkwaffen (Lwf Zugf\u00fchrer) in Payerne, mit dem heutigen Armeechef Herrn Andr\u00e9 Blattmann<\/span><br \/>\n<span style=\"color: #339966;\">&#8211; 1994 L Flab Lwf Bttr I\/7, Zfhr<\/span><br \/>\n<span style=\"color: #339966;\">&#8211; 2003 WK Briegels GR, Kdo L Flab Lwf Bttr I\/7, letzter Wk<\/span><\/li>\n<li>Dank dem Milit\u00e4rdienst habe ich gelernt: <span style=\"color: #339966;\">F\u00fchren, jeder kann fast alles erreichen, gemeinsam Ziele <\/span><span style=\"color: #339966;\">erreichen<\/span><\/li>\n<li>Das werde ich nie vergessen:<br \/>\n<span style=\"color: #339966;\">&gt; Die vielen Flugeins\u00e4tze, meistens als Passagier, in der Piloten RS im Tessin 1992.<\/span><br \/>\n<span style=\"color: #339966;\">&gt; Was ich auch nie vergessen werde sind die interessanten Erfahrungen mit den Angeh\u00f6rigen der amerikanischen Armee in Payerne, anl\u00e4sslich der Einf\u00fcrung der Stinger Lenkwaffen 1993.<\/span><br \/>\n<span style=\"color: #339966;\">&gt; Ebenso die Erfahrung im letzten WK in Briegels GR: Am Abend und noch ein bisschen l\u00e4nger habe ich mit dem Wirt meiner Unterkunft die Erlebnisse im Milit\u00e4rdienst geb\u00fchrend gefeiert. Am n\u00e4chsten Morgen erkannte mich genau dieser Wirt nicht, da ich im Skianzug zum &#8220;Zmorge&#8221; erschien. Er liess diskret abkl\u00e4ren, ob da jemand ohne seine Erlaubnis \u00fcbernachtet h\u00e4tte&#8230;<\/span><\/li>\n<li>Welche T\u00e4tigkeit beherrschen Sie so gut, dass man sie daf\u00fcr auch entlohnen m\u00fcsste? <span style=\"color: #339966;\">Das Zuh\u00f6ren<\/span>.<\/li>\n<li>Was ich den Mitgliedern anbieten kann: <span style=\"color: #339966;\">Beratung und Info&#8217;s \u00fcber Versicherungen\/Finanzen und Netzwerke<\/span><\/li>\n<li>Wie sieht die Welt in 10 Jahren aus? <span style=\"color: #339966;\">Der schnelle Wandel fordert uns immer mehr hinaus. In 10 Jahren ist einges realisiert, das wir uns heute noch gar nicht denken k\u00f6nnen.<\/span><\/li>\n<li>Wo sollten die WK&#8217;s statt finden, in den Kasernen oder in den D\u00f6rfern? Und warum?\u00a0<span style=\"color: #339966;\">Die Bev\u00f6lkerung sollte die Armee sp\u00fcren und auf positive Art und Weise damit konfrontiert sein, nur so kann das Milizsystem weiterhin bestehen bleiben. Desshalb sollen die WK wenn immer m\u00f6glich in den D\u00f6rfern durchgef\u00fchrt werden.<\/span><\/li>\n<li>Welche Frage sollen wir dem n\u00e4chsten Mitglied stellen? <span style=\"color: #339966;\">Wie soll uns eine Armee mit weniger als 120&#8217;000 Mann im Bedarfsfall sch\u00fctzen?<\/span><\/li>\n<li>Was wollen Sie uns sonst noch sagen? <span style=\"color: #339966;\">Besten Dank an den Vorstand und alle Mitglieder, nur durch dieses Engagement &#8220;lebt&#8221; die Fricktalische Offiziersgesellschaft.<\/span><\/li>\n<\/ul>\n<\/div>\n<p style=\"text-align: center;\"><a href=\"http:\/\/fricktaleroffiziere.ch\/wp-content\/uploads\/2011\/06\/ChristophStaubli2.png\"><img loading=\"lazy\" decoding=\"async\" class=\"aligncenter size-full wp-image-2717\" title=\"ChristophStaubli2\" src=\"http:\/\/fricktaleroffiziere.ch\/wp-content\/uploads\/2011\/06\/ChristophStaubli2.png\" alt=\"\" width=\"477\" height=\"701\" srcset=\"https:\/\/fricktaleroffiziere.ch\/wp-content\/uploads\/2011\/06\/ChristophStaubli2.png 477w, https:\/\/fricktaleroffiziere.ch\/wp-content\/uploads\/2011\/06\/ChristophStaubli2-204x300.png 204w\" sizes=\"auto, (max-width: 477px) 100vw, 477px\" \/><\/a>Auf einer Expedition 2009<\/p>\n<p><em><em>Haben Sie weitere Fragen an Christoph Staubli? Die Kommentarfunktion bietet Platz&#8230;<\/em><\/em><\/p>\n<p><em><em> <\/em><em> <\/em><\/em><\/p>\n<p><em> <\/em><em> <\/em><em> <\/em><\/p>\n<\/div>\n<p><em><em> <\/em><\/em><\/p>\n<p><em> <\/em><em> <\/em><\/p>\n<\/div>\n<p><em><em> <\/em><\/em><\/p>\n<p><em><em> <\/em><em> <\/em><\/em><\/p>\n<p><em> <\/em><\/p>\n<p><em> <\/em><\/p>\n<p><em> <\/em><\/p>\n","protected":false},"excerpt":{"rendered":"<p>Auch wenn unser Verein eher klein ist, wir kennen einander kaum. Deshalb portraitieren wir einzelne Offiziere aus unseren Reihen. Dieses Mal unseren Revisor, Oblt Christoph Staubli. Christoph Staubli Wohnort: Ittenthal Berufliche T\u00e4tigkeit:\u00a0Eidg. Versicherungsfachmann Beschreiben Sie sich mit drei Worten: vielseitig, &hellip; <a href=\"https:\/\/fricktaleroffiziere.ch\/?p=2714\">Weiterlesen <span class=\"meta-nav\">&rarr;<\/span><\/a><\/p>\n","protected":false},"author":28,"featured_media":0,"comment_status":"open","ping_status":"open","sticky":false,"template":"","format":"standard","meta":{"_monsterinsights_skip_tracking":false,"_monsterinsights_sitenote_active":false,"_monsterinsights_sitenote_note":"","_monsterinsights_sitenote_category":0,"_s2mail":"yes","footnotes":""},"categories":[86,53,52],"tags":[100,321,99],"class_list":["post-2714","post","type-post","status-publish","format-standard","hentry","category-86","category-fog","category-offiziere","tag-fricktal","tag-offiziere","tag-portraits"],"_links":{"self":[{"href":"https:\/\/fricktaleroffiziere.ch\/index.php?rest_route=\/wp\/v2\/posts\/2714","targetHints":{"allow":["GET"]}}],"collection":[{"href":"https:\/\/fricktaleroffiziere.ch\/index.php?rest_route=\/wp\/v2\/posts"}],"about":[{"href":"https:\/\/fricktaleroffiziere.ch\/index.php?rest_route=\/wp\/v2\/types\/post"}],"author":[{"embeddable":true,"href":"https:\/\/fricktaleroffiziere.ch\/index.php?rest_route=\/wp\/v2\/users\/28"}],"replies":[{"embeddable":true,"href":"https:\/\/fricktaleroffiziere.ch\/index.php?rest_route=%2Fwp%2Fv2%2Fcomments&post=2714"}],"version-history":[{"count":6,"href":"https:\/\/fricktaleroffiziere.ch\/index.php?rest_route=\/wp\/v2\/posts\/2714\/revisions"}],"predecessor-version":[{"id":3944,"href":"https:\/\/fricktaleroffiziere.ch\/index.php?rest_route=\/wp\/v2\/posts\/2714\/revisions\/3944"}],"wp:attachment":[{"href":"https:\/\/fricktaleroffiziere.ch\/index.php?rest_route=%2Fwp%2Fv2%2Fmedia&parent=2714"}],"wp:term":[{"taxonomy":"category","embeddable":true,"href":"https:\/\/fricktaleroffiziere.ch\/index.php?rest_route=%2Fwp%2Fv2%2Fcategories&post=2714"},{"taxonomy":"post_tag","embeddable":true,"href":"https:\/\/fricktaleroffiziere.ch\/index.php?rest_route=%2Fwp%2Fv2%2Ftags&post=2714"}],"curies":[{"name":"wp","href":"https:\/\/api.w.org\/{rel}","templated":true}]}}