{"id":2806,"date":"2011-06-25T21:58:50","date_gmt":"2011-06-25T19:58:50","guid":{"rendered":"http:\/\/fricktaleroffiziere.ch\/?p=2806"},"modified":"2011-06-25T21:58:50","modified_gmt":"2011-06-25T19:58:50","slug":"arbeitsbericht-des-vorstands-4","status":"publish","type":"post","link":"https:\/\/fricktaleroffiziere.ch\/?p=2806","title":{"rendered":"Arbeitsbericht des Vorstands"},"content":{"rendered":"<p>An seiner Vorstandssitzung vom 22. Juni 2011 hat sich der Vorstand mit folgenden Themen besch\u00e4ftigt:<\/p>\n<ul>\n<li><strong><a href=\"http:\/\/fricktaleroffiziere.ch\/?p=1884\">Besuch im Bundeshaus<\/a><\/strong>: Das Programm wurde definitiv verabschiedet. Als Vertreter der Sicherheitspolitischen Kommission des Nationalrates wird deren Pr\u00e4sident, Jakob B\u00fcchler (CVP\/SG), am Mittagessen teilnehmen. Die schriftliche Einladung folgt\u00a0in den kommenden\u00a0<!--more-->Wochen. Wir bitten alle Mitglieder, sich fr\u00fchzeitig\u00a0<a href=\"http:\/\/fricktaleroffiziere.ch\/doodle\" target=\"_blank\">f\u00fcr den Anlass anzumelden<\/a>. Die Teilnehmerzahl ist begrenzt.<\/li>\n<li>Das <strong>Protokoll der GV 2011<\/strong> wurde verabschiedet.<\/li>\n<li>Der R\u00fccklauf bez\u00fcglich <strong>Adressaktualisierung<\/strong> hat noch Potenzial. Wir bitten alle, das Formular ausgef\u00fcllt uns zuzustellen oder die Aktualisierung <a href=\"http:\/\/fricktaleroffiziere.ch\/?page_id=729\" target=\"_blank\">online zu erledigen<\/a>.<\/li>\n<li>Wir haben 6 Abonnenten f\u00fcr &#8220;<strong>OGinform<\/strong>&#8221; der OGBB gemeldet.<\/li>\n<li>Ein Verein \u00fcberlebt nur, wenn st\u00e4ndig junge Mitglieder nachgezogen werden. Das setzt aber jemanden voraus, der (mit-)zieht \u2013 und das \u00fcber die Generationen hinweg. Darum laden wir die \u00fcber 35-j\u00e4hrigen Mitglieder ein, sich als <strong>G\u00f6tti f\u00fcr unsere jungen Offiziere<\/strong> aus der Region zur Verf\u00fcgung zu stellen. Bitte melden Sie sich beim Vorstand.<\/li>\n<li>Die\u00a0<strong>Generalversammlung 2012<\/strong> findet am Freitag, 16. M\u00e4rz 2012 in Eiken statt.<\/li>\n<\/ul>\n","protected":false},"excerpt":{"rendered":"<p>An seiner Vorstandssitzung vom 22. Juni 2011 hat sich der Vorstand mit folgenden Themen besch\u00e4ftigt: Besuch im Bundeshaus: Das Programm wurde definitiv verabschiedet. Als Vertreter der Sicherheitspolitischen Kommission des Nationalrates wird deren Pr\u00e4sident, Jakob B\u00fcchler (CVP\/SG), am Mittagessen teilnehmen. Die &hellip; <a href=\"https:\/\/fricktaleroffiziere.ch\/?p=2806\">Weiterlesen <span class=\"meta-nav\">&rarr;<\/span><\/a><\/p>\n","protected":false},"author":28,"featured_media":0,"comment_status":"open","ping_status":"open","sticky":false,"template":"","format":"standard","meta":{"_monsterinsights_skip_tracking":false,"_monsterinsights_sitenote_active":false,"_monsterinsights_sitenote_note":"","_monsterinsights_sitenote_category":0,"_s2mail":"yes","footnotes":""},"categories":[86,53],"tags":[320,319],"class_list":["post-2806","post","type-post","status-publish","format-standard","hentry","category-86","category-fog","tag-veranstaltungen","tag-vorstand"],"_links":{"self":[{"href":"https:\/\/fricktaleroffiziere.ch\/index.php?rest_route=\/wp\/v2\/posts\/2806","targetHints":{"allow":["GET"]}}],"collection":[{"href":"https:\/\/fricktaleroffiziere.ch\/index.php?rest_route=\/wp\/v2\/posts"}],"about":[{"href":"https:\/\/fricktaleroffiziere.ch\/index.php?rest_route=\/wp\/v2\/types\/post"}],"author":[{"embeddable":true,"href":"https:\/\/fricktaleroffiziere.ch\/index.php?rest_route=\/wp\/v2\/users\/28"}],"replies":[{"embeddable":true,"href":"https:\/\/fricktaleroffiziere.ch\/index.php?rest_route=%2Fwp%2Fv2%2Fcomments&post=2806"}],"version-history":[{"count":3,"href":"https:\/\/fricktaleroffiziere.ch\/index.php?rest_route=\/wp\/v2\/posts\/2806\/revisions"}],"predecessor-version":[{"id":2815,"href":"https:\/\/fricktaleroffiziere.ch\/index.php?rest_route=\/wp\/v2\/posts\/2806\/revisions\/2815"}],"wp:attachment":[{"href":"https:\/\/fricktaleroffiziere.ch\/index.php?rest_route=%2Fwp%2Fv2%2Fmedia&parent=2806"}],"wp:term":[{"taxonomy":"category","embeddable":true,"href":"https:\/\/fricktaleroffiziere.ch\/index.php?rest_route=%2Fwp%2Fv2%2Fcategories&post=2806"},{"taxonomy":"post_tag","embeddable":true,"href":"https:\/\/fricktaleroffiziere.ch\/index.php?rest_route=%2Fwp%2Fv2%2Ftags&post=2806"}],"curies":[{"name":"wp","href":"https:\/\/api.w.org\/{rel}","templated":true}]}}