{"id":3012,"date":"2011-08-15T17:38:55","date_gmt":"2011-08-15T15:38:55","guid":{"rendered":"http:\/\/fricktaleroffiziere.ch\/?p=3012"},"modified":"2011-08-15T17:38:55","modified_gmt":"2011-08-15T15:38:55","slug":"ergebnisse-der-sog-zur-umfrage-offiziersuniform","status":"publish","type":"post","link":"https:\/\/fricktaleroffiziere.ch\/?p=3012","title":{"rendered":"Ergebnisse der SOG zur Umfrage &#8220;Offiziersuniform&#8221;"},"content":{"rendered":"<p>Die konsolidierten Ergebnisse der SOG-Umfrage zum Thema &#8220;Offiziersuniform&#8221; bzw. &#8220;Attraktivit\u00e4t der Offizierslaufbahn&#8221; liegen vor. Der Pr\u00e4sident der SOG hat in einem Brief an den CdA die Resultate zusammengefasst. Hier die Kernpunkte:<!--more--><\/p>\n<ul>\n<li>Eine &#8220;deutliche Mehrheit&#8221; spricht sich f\u00fcr die Wiedereinf\u00fchrung einer (modischen) Offiziersuniform sowie eine spezielle Offiziersm\u00fctze aus.<\/li>\n<li>F\u00fcr Offiziere mit internationalen Kontakten wird eine &#8220;Gala-Uniform&#8221; angeregt.<\/li>\n<li>Der Dolch soll dabei nicht Bestandteil der Uniform sein.<\/li>\n<li>Es besteht ein grosses Bed\u00fcrfnis, die Offiziersmessen wieder einzuf\u00fchren.<\/li>\n<\/ul>\n<p>Der ganze Brief ist <a href=\"http:\/\/fricktaleroffiziere.ch\/wp-content\/uploads\/2011\/08\/20110812_SOG_Offiziersuniform.pdf\" target=\"_blank\">als PDF<\/a> verf\u00fcgbar.<\/p>\n","protected":false},"excerpt":{"rendered":"<p>Die konsolidierten Ergebnisse der SOG-Umfrage zum Thema &#8220;Offiziersuniform&#8221; bzw. &#8220;Attraktivit\u00e4t der Offizierslaufbahn&#8221; liegen vor. Der Pr\u00e4sident der SOG hat in einem Brief an den CdA die Resultate zusammengefasst. Hier die Kernpunkte:<\/p>\n","protected":false},"author":28,"featured_media":0,"comment_status":"open","ping_status":"open","sticky":false,"template":"","format":"standard","meta":{"_monsterinsights_skip_tracking":false,"_monsterinsights_sitenote_active":false,"_monsterinsights_sitenote_note":"","_monsterinsights_sitenote_category":0,"_s2mail":"yes","footnotes":""},"categories":[86,59,54],"tags":[68,321],"class_list":["post-3012","post","type-post","status-publish","format-standard","hentry","category-86","category-armee","category-sog","tag-laufbahn","tag-offiziere"],"_links":{"self":[{"href":"https:\/\/fricktaleroffiziere.ch\/index.php?rest_route=\/wp\/v2\/posts\/3012","targetHints":{"allow":["GET"]}}],"collection":[{"href":"https:\/\/fricktaleroffiziere.ch\/index.php?rest_route=\/wp\/v2\/posts"}],"about":[{"href":"https:\/\/fricktaleroffiziere.ch\/index.php?rest_route=\/wp\/v2\/types\/post"}],"author":[{"embeddable":true,"href":"https:\/\/fricktaleroffiziere.ch\/index.php?rest_route=\/wp\/v2\/users\/28"}],"replies":[{"embeddable":true,"href":"https:\/\/fricktaleroffiziere.ch\/index.php?rest_route=%2Fwp%2Fv2%2Fcomments&post=3012"}],"version-history":[{"count":2,"href":"https:\/\/fricktaleroffiziere.ch\/index.php?rest_route=\/wp\/v2\/posts\/3012\/revisions"}],"predecessor-version":[{"id":3015,"href":"https:\/\/fricktaleroffiziere.ch\/index.php?rest_route=\/wp\/v2\/posts\/3012\/revisions\/3015"}],"wp:attachment":[{"href":"https:\/\/fricktaleroffiziere.ch\/index.php?rest_route=%2Fwp%2Fv2%2Fmedia&parent=3012"}],"wp:term":[{"taxonomy":"category","embeddable":true,"href":"https:\/\/fricktaleroffiziere.ch\/index.php?rest_route=%2Fwp%2Fv2%2Fcategories&post=3012"},{"taxonomy":"post_tag","embeddable":true,"href":"https:\/\/fricktaleroffiziere.ch\/index.php?rest_route=%2Fwp%2Fv2%2Ftags&post=3012"}],"curies":[{"name":"wp","href":"https:\/\/api.w.org\/{rel}","templated":true}]}}