{"id":3023,"date":"2011-08-03T14:39:42","date_gmt":"2011-08-03T12:39:42","guid":{"rendered":"http:\/\/gruppe-giardino.ch\/?p=3878"},"modified":"2011-08-15T18:14:04","modified_gmt":"2011-08-15T16:14:04","slug":"awm-aufruf-an-die-sik-n","status":"publish","type":"post","link":"https:\/\/fricktaleroffiziere.ch\/?p=3023","title":{"rendered":"AWM: Aufruf an die SiK-N"},"content":{"rendered":"<p>In einem Brief an die b\u00fcrgerlichen Mitglieder der Sicherheitspolitischen Kommission des Nationalrats (SiK-N) unterstreicht die <a href=\"http:\/\/www.awm-cmep.ch\/\">AWM<\/a>\u00a0\u2013 einmal mehr \u2013 , dass nur mit einer Armee von mindestens (!) 120\u2019000 Angeh\u00f6rigen die Auftr\u00e4ge der Bundesverfassung erf\u00fcllt werden k\u00f6nnen.\u00a0Sie f\u00fchrt dazu aus:<\/p>\n<blockquote><p><em>Zur Erf\u00fcllung der Armeeaufgaben gem\u00e4ss Bundesverfassung reicht aber auch der vom St\u00e4nderat beschlossene Bestand von 100\u2018000 Armeeangeh\u00f6rigen nicht aus:<!--more--><\/em><\/p>\n<p><em>Bez\u00fcglich des Kernauftrags Verteidigung weist dieses Modell \u2013 wie auch der bundesr\u00e4tliche Vorschlag \u2013 keine eigentlichen operativen F\u00e4higkeiten mehr auf. Es bleibt beim blossen Kompetenzerhalt (\u201esavoir faire\u201c). Eine echte Verteidigungsf\u00e4higkeit (\u201epouvoir faire\u201c) weist die 100\u2018000er Variante nicht auf. Das Gutachten von Professor Rainer Schweizer vom 23. August 2010 zeigt klar, dass der Verfassungsauftrag zur Verteidigung des Landes und der Bev\u00f6lkerung eine reale und nicht nur eine theoretische Verteidigungskompetenz der Armee verlangt.<\/em><\/p>\n<p><em>Im Bereich der Unterst\u00fctzung der Kantone zur Bew\u00e4ltigung ausserordentlicher Ereignisse erm\u00f6glicht das 100\u2018000er Modell im Vergleich mit der bundesr\u00e4tlichen Variante zwar eine verbesserte Leistungsf\u00e4higkeit. Die Variante mit 120\u2018000 Armeeangeh\u00f6rigen w\u00fcrde aber die Durchhaltef\u00e4higkeit wesentlich verbessern \u2013 und dies zu vergleichsweise geringen Mehrkosten.<\/em><\/p><\/blockquote>\n<p>Zusammengefasst fordert die AWM (zu der auch die Gruppe GIARDINO geh\u00f6rt):<\/p>\n<ul>\n<li>Einen aktiven Bestand von mindestens 120\u2018000 vollausger\u00fcsteten\u00a0und -ausgebildeten Armeeangeh\u00f6rigen sowie eine angemessene Reserve an inaktiven AdA, basierend auf einem klar definierten Leistungsprofil in zeitlicher und r\u00e4umlicher Hinsicht.<\/li>\n<li>Ein Budget f\u00fcr die milit\u00e4rische Landesverteidigung von j\u00e4hrlich mindestens 5 Milliarden Franken.<\/li>\n<li>Der Ausgabenplafond ist, wie von der SiK-S gefordert, explizit im Bundesbeschluss festzuhalten! Nur so k\u00f6nnen die ungen\u00fcgenden Eckwerte\u00a0des bundesr\u00e4tlichen Armeeberichts korrigiert werden und der Bundesrat\u00a0wird gezwungen, f\u00fcr eine echte Ausfinanzierung der Landesverteidigung zu sorgen.<\/li>\n<li>Eine rasche Beschaffung des Tiger-Teilersatzes auf der Basis des 2010\u00a0abgeschlossenen Evaluationsverfahrens.<\/li>\n<li>Die Sistierung der \u00fcberhastet eingeleiteten sowie die \u00dcberpr\u00fcfung der\u00a0vorgesehenen Massnahmen zur Ausserdienststellung von Ausr\u00fcstungsg\u00fctern und Infrastrukturen.<\/li>\n<\/ul>\n<div><a href=\"http:\/\/gruppe-giardino.ch\/wp-content\/uploads\/2011\/08\/20110801-Brief-Miliz-SiK-N.pdf\">Vollst\u00e4ndiger Brief<\/a><\/div>\n<div style=\"float: right; padding: 5px 0px 0px 5px;\" align=\"right\"><a type=\"button_count\" name=\"fb_share\"><\/a><\/div>\n<p><img loading=\"lazy\" decoding=\"async\" src=\"http:\/\/feeds.feedburner.com\/~r\/derkadi\/~4\/mwQjPxk1r1o\" alt=\"\" width=\"1\" height=\"1\" \/><\/p>\n","protected":false},"excerpt":{"rendered":"<p>In einem Brief an die b\u00fcrgerlichen Mitglieder der Sicherheitspolitischen Kommission des Nationalrats (SiK-N) unterstreicht die AWM\u00a0\u2013 einmal mehr \u2013 , dass nur mit einer Armee von mindestens (!) 120&#8217;000 Angeh\u00f6rigen die Auftr\u00e4ge der Bundesverfassung erf\u00fcllt werden k\u00f6nnen.\u00a0Sie f\u00fchrt dazu aus: Zur Erf\u00fcllung der Armeeaufgaben gem\u00e4ss Bundesverfassung reicht aber auch der vom St\u00e4nderat beschlossene Bestand von 100\u2018000 Armeeangeh\u00f6rigen nicht aus: Bez\u00fcglich des Kernauftrags Verteidigung weist dieses Modell \u2013 wie auch der bundesr\u00e4tliche Vorschlag \u2013 keine eigentlichen operativen F\u00e4higkeiten mehr auf. Es bleibt beim blossen Kompetenzerhalt (\u201esavoir faire\u201c). Eine echte Verteidigungsf\u00e4higkeit (\u201epouvoir faire\u201c) weist die 100\u2018000er Variante nicht auf. Das Gutachten <span> <br \/> &#8594; Weiterlesen: <a href=\"http:\/\/gruppe-giardino.ch\/?p=3878\">AWM: Aufruf an die SiK-N<\/a><\/span> <a href=\"http:\/\/www.derkadi.ch\/2011\/08\/03\/awm-aufruf-an-die-sik-n\/\">Continue reading <span>&#8594;<\/span><\/a> <a href=\"https:\/\/fricktaleroffiziere.ch\/?p=3023\">Weiterlesen <span class=\"meta-nav\">&rarr;<\/span><\/a><\/p>\n","protected":false},"author":17,"featured_media":0,"comment_status":"closed","ping_status":"open","sticky":false,"template":"","format":"standard","meta":{"_monsterinsights_skip_tracking":false,"_monsterinsights_sitenote_active":false,"_monsterinsights_sitenote_note":"","_monsterinsights_sitenote_category":0,"_s2mail":"yes","footnotes":""},"categories":[86,1,59],"tags":[90,97,340],"class_list":["post-3023","post","type-post","status-publish","format-standard","hentry","category-86","category-allg","category-armee","tag-armeebericht","tag-gruppe-giardino","tag-politik"],"_links":{"self":[{"href":"https:\/\/fricktaleroffiziere.ch\/index.php?rest_route=\/wp\/v2\/posts\/3023","targetHints":{"allow":["GET"]}}],"collection":[{"href":"https:\/\/fricktaleroffiziere.ch\/index.php?rest_route=\/wp\/v2\/posts"}],"about":[{"href":"https:\/\/fricktaleroffiziere.ch\/index.php?rest_route=\/wp\/v2\/types\/post"}],"author":[{"embeddable":true,"href":"https:\/\/fricktaleroffiziere.ch\/index.php?rest_route=\/wp\/v2\/users\/17"}],"replies":[{"embeddable":true,"href":"https:\/\/fricktaleroffiziere.ch\/index.php?rest_route=%2Fwp%2Fv2%2Fcomments&post=3023"}],"version-history":[{"count":2,"href":"https:\/\/fricktaleroffiziere.ch\/index.php?rest_route=\/wp\/v2\/posts\/3023\/revisions"}],"predecessor-version":[{"id":3034,"href":"https:\/\/fricktaleroffiziere.ch\/index.php?rest_route=\/wp\/v2\/posts\/3023\/revisions\/3034"}],"wp:attachment":[{"href":"https:\/\/fricktaleroffiziere.ch\/index.php?rest_route=%2Fwp%2Fv2%2Fmedia&parent=3023"}],"wp:term":[{"taxonomy":"category","embeddable":true,"href":"https:\/\/fricktaleroffiziere.ch\/index.php?rest_route=%2Fwp%2Fv2%2Fcategories&post=3023"},{"taxonomy":"post_tag","embeddable":true,"href":"https:\/\/fricktaleroffiziere.ch\/index.php?rest_route=%2Fwp%2Fv2%2Ftags&post=3023"}],"curies":[{"name":"wp","href":"https:\/\/api.w.org\/{rel}","templated":true}]}}