{"id":3104,"date":"2011-09-18T10:16:02","date_gmt":"2011-09-18T08:16:02","guid":{"rendered":"http:\/\/fricktaleroffiziere.ch\/?p=3104"},"modified":"2014-02-10T23:37:11","modified_gmt":"2014-02-10T21:37:11","slug":"ruckblick-besuch-im-bundeshaus","status":"publish","type":"post","link":"https:\/\/fricktaleroffiziere.ch\/?p=3104","title":{"rendered":"R\u00fcckblick: Besuch im Bundeshaus"},"content":{"rendered":"<p>Fast h\u00e4tte die FOG den idealen Tag f\u00fcr den Besuch im Bundeshaus erwischt. Ein Tag vor der Behandlung des Armeeberichts im Nationalrat wurde eine Delegation von 10 Fricktaler Offizieren durch das Bundeshaus gef\u00fchrt und \u00fcber die architektonischen wie auch politischen Einzelheiten informiert. St\u00e4nderat Maximilian Reimann erl\u00e4uterte das aktuelle Geschehen und gab einen guten Einblick, was hinter den T\u00fcren vor sich geht.<!--more--><\/p>\n<p>F\u00fcr viele Offiziere wurde schnell klar, dass im Parlament l\u00e4ngst nicht mehr diskutiert wird. Stattdessen bietet das Bundeshaus eine B\u00fchne, um die verschiedenen Meinungen \u00fcber die Medien an die W\u00e4hler zu bringen. Nur wenige versp\u00fcrten nach dem Besuch die Lust, sich in Bern so einbringen zu wollen.<\/p>\n<p>Im Anschluss konnte die Delegation den Pr\u00e4sidenten der Sicherheitspolitischen Kommission des Nationalrates, Herrn Jakob B\u00fcchler, intensiv im Gespr\u00e4ch herausfordern.<\/p>\n<div id=\"attachment_3107\" style=\"width: 650px\" class=\"wp-caption aligncenter\"><a href=\"http:\/\/fricktaleroffiziere.ch\/wp-content\/uploads\/2011\/09\/Gruppe1.jpg\"><img loading=\"lazy\" decoding=\"async\" aria-describedby=\"caption-attachment-3107\" class=\" wp-image-3107  \" title=\"Teilnehmer Besuch Bundeshaus: Isidor B\u00fcrgi, Peter Balzer, Philipp St., Markus M. M\u00fcller, Peter Klemm, Michel Ingold, Hansruedi Schaffhauser, Werner T. M\u00fcller, Andreas B\u00fcrgi (Fotograf: Urs Blum)\" alt=\"Teilnehmer Besuch Bundeshaus: Isidor B\u00fcrgi, Peter Balzer, Philipp St., Markus M. M\u00fcller, Peter Klemm, Michel Ingold, Hansruedi Schaffhauser, Werner T. M\u00fcller, Andreas B\u00fcrgi (Fotograf: Urs Blum)\" src=\"http:\/\/fricktaleroffiziere.ch\/wp-content\/uploads\/2011\/09\/Gruppe1-1024x768.jpg\" width=\"640\" height=\"480\" srcset=\"https:\/\/fricktaleroffiziere.ch\/wp-content\/uploads\/2011\/09\/Gruppe1-1024x768.jpg 1024w, https:\/\/fricktaleroffiziere.ch\/wp-content\/uploads\/2011\/09\/Gruppe1-300x225.jpg 300w, https:\/\/fricktaleroffiziere.ch\/wp-content\/uploads\/2011\/09\/Gruppe1.jpg 2048w\" sizes=\"auto, (max-width: 640px) 100vw, 640px\" \/><\/a><p id=\"caption-attachment-3107\" class=\"wp-caption-text\">Teilnehmer Besuch Bundeshaus: Isidor B\u00fcrgi, Peter Balzer, Philipp St., Markus M. M\u00fcller, Peter Klemm, Michel Ingold, Hansruedi Schaffhauser, Werner T. M\u00fcller, Andreas B\u00fcrgi (Fotograf: Urs Blum)<\/p><\/div>\n<div id=\"attachment_3106\" style=\"width: 650px\" class=\"wp-caption aligncenter\"><a href=\"http:\/\/fricktaleroffiziere.ch\/wp-content\/uploads\/2011\/09\/Essen1.jpg\"><img loading=\"lazy\" decoding=\"async\" aria-describedby=\"caption-attachment-3106\" class=\"size-large wp-image-3106\" title=\"Beim Gespr\u00e4ch mit NR B\u00fcchler: Peter Balzer und Urs Blum\" alt=\"Beim Gespr\u00e4ch mit NR B\u00fcchler: Peter Balzer und Urs Blum\" src=\"http:\/\/fricktaleroffiziere.ch\/wp-content\/uploads\/2011\/09\/Essen1-1024x768.jpg\" width=\"640\" height=\"480\" srcset=\"https:\/\/fricktaleroffiziere.ch\/wp-content\/uploads\/2011\/09\/Essen1-1024x768.jpg 1024w, https:\/\/fricktaleroffiziere.ch\/wp-content\/uploads\/2011\/09\/Essen1-300x225.jpg 300w, https:\/\/fricktaleroffiziere.ch\/wp-content\/uploads\/2011\/09\/Essen1.jpg 2048w\" sizes=\"auto, (max-width: 640px) 100vw, 640px\" \/><\/a><p id=\"caption-attachment-3106\" class=\"wp-caption-text\">Beim Gespr\u00e4ch mit NR B\u00fcchler: Peter Balzer und Urs Blum<\/p><\/div>\n<div id=\"attachment_3105\" style=\"width: 650px\" class=\"wp-caption aligncenter\"><a href=\"http:\/\/fricktaleroffiziere.ch\/wp-content\/uploads\/2011\/09\/B\u00fcchler1.jpg\"><img loading=\"lazy\" decoding=\"async\" aria-describedby=\"caption-attachment-3105\" class=\"size-large wp-image-3105\" title=\"Beim Gespr\u00e4ch mit NR Jakob B\u00fcchler (links): Isidor B\u00fcrgi, Hansruedi Schaffhauser\" alt=\"Beim Gespr\u00e4ch mit NR Jakob B\u00fcchler (links): Isidor B\u00fcrgi, Hansruedi Schaffhauser\" src=\"http:\/\/fricktaleroffiziere.ch\/wp-content\/uploads\/2011\/09\/B\u00fcchler1-1024x768.jpg\" width=\"640\" height=\"480\" srcset=\"https:\/\/fricktaleroffiziere.ch\/wp-content\/uploads\/2011\/09\/B\u00fcchler1-1024x768.jpg 1024w, https:\/\/fricktaleroffiziere.ch\/wp-content\/uploads\/2011\/09\/B\u00fcchler1-300x225.jpg 300w, https:\/\/fricktaleroffiziere.ch\/wp-content\/uploads\/2011\/09\/B\u00fcchler1.jpg 2048w\" sizes=\"auto, (max-width: 640px) 100vw, 640px\" \/><\/a><p id=\"caption-attachment-3105\" class=\"wp-caption-text\">Beim Gespr\u00e4ch mit NR Jakob B\u00fcchler (links): Isidor B\u00fcrgi, Hansruedi Schaffhauser<\/p><\/div>\n<div id=\"attachment_3110\" style=\"width: 650px\" class=\"wp-caption aligncenter\"><a href=\"http:\/\/fricktaleroffiziere.ch\/wp-content\/uploads\/2011\/09\/Gruppe5.jpg\"><img loading=\"lazy\" decoding=\"async\" aria-describedby=\"caption-attachment-3110\" class=\" wp-image-3110 \" title=\"Beim Gespr\u00e4ch mit NR B\u00fcchler: Hansruedi Schaffhauser, Andreas B\u00fcrgi, Philipp St., Peter Klemm, SR Maximlian Reimann\" alt=\"Beim Gespr\u00e4ch mit NR B\u00fcchler: Hansruedi Schaffhauser, Andreas B\u00fcrgi, Philipp St., Peter Klemm, SR Maximlian Reimann\" src=\"http:\/\/fricktaleroffiziere.ch\/wp-content\/uploads\/2011\/09\/Gruppe5-1024x768.jpg\" width=\"640\" height=\"480\" srcset=\"https:\/\/fricktaleroffiziere.ch\/wp-content\/uploads\/2011\/09\/Gruppe5-1024x768.jpg 1024w, https:\/\/fricktaleroffiziere.ch\/wp-content\/uploads\/2011\/09\/Gruppe5-300x225.jpg 300w, https:\/\/fricktaleroffiziere.ch\/wp-content\/uploads\/2011\/09\/Gruppe5.jpg 2048w\" sizes=\"auto, (max-width: 640px) 100vw, 640px\" \/><\/a><p id=\"caption-attachment-3110\" class=\"wp-caption-text\">Beim Gespr\u00e4ch mit NR B\u00fcchler: Hansruedi Schaffhauser, Andreas B\u00fcrgi, Philipp St., Peter Klemm, SR Maximlian Reimann<\/p><\/div>\n<p>&nbsp;<\/p>\n<div id=\"attachment_3108\" style=\"width: 650px\" class=\"wp-caption aligncenter\"><a href=\"http:\/\/fricktaleroffiziere.ch\/wp-content\/uploads\/2011\/09\/Gruppe2.jpg\"><img loading=\"lazy\" decoding=\"async\" aria-describedby=\"caption-attachment-3108\" class=\" wp-image-3108 \" title=\"Beim Gespr\u00e4ch mit NR B\u00fcchler: Philipp St., Peter Klemm, SR Maximlian Reimann\" alt=\"Beim Gespr\u00e4ch mit NR B\u00fcchler: Philipp St., Peter Klemm, SR Maximlian Reimann\" src=\"http:\/\/fricktaleroffiziere.ch\/wp-content\/uploads\/2011\/09\/Gruppe2-1024x768.jpg\" width=\"640\" height=\"480\" srcset=\"https:\/\/fricktaleroffiziere.ch\/wp-content\/uploads\/2011\/09\/Gruppe2-1024x768.jpg 1024w, https:\/\/fricktaleroffiziere.ch\/wp-content\/uploads\/2011\/09\/Gruppe2-300x225.jpg 300w, https:\/\/fricktaleroffiziere.ch\/wp-content\/uploads\/2011\/09\/Gruppe2.jpg 2048w\" sizes=\"auto, (max-width: 640px) 100vw, 640px\" \/><\/a><p id=\"caption-attachment-3108\" class=\"wp-caption-text\">Beim Gespr\u00e4ch mit NR B\u00fcchler: Philipp St., Peter Klemm, SR Maximlian Reimann<\/p><\/div>\n<div id=\"attachment_3109\" style=\"width: 650px\" class=\"wp-caption aligncenter\"><a href=\"http:\/\/fricktaleroffiziere.ch\/wp-content\/uploads\/2011\/09\/Gruppe3.jpg\"><img loading=\"lazy\" decoding=\"async\" aria-describedby=\"caption-attachment-3109\" class=\"size-large wp-image-3109\" title=\"Beim Gespr\u00e4ch mit NR B\u00fcchler: Peter Balzer, Michel Ingold, Werner T. M\u00fcller\" alt=\"Beim Gespr\u00e4ch mit NR B\u00fcchler: Peter Balzer, Michel Ingold, Werner T. M\u00fcller\" src=\"http:\/\/fricktaleroffiziere.ch\/wp-content\/uploads\/2011\/09\/Gruppe3-1024x768.jpg\" width=\"640\" height=\"480\" srcset=\"https:\/\/fricktaleroffiziere.ch\/wp-content\/uploads\/2011\/09\/Gruppe3-1024x768.jpg 1024w, https:\/\/fricktaleroffiziere.ch\/wp-content\/uploads\/2011\/09\/Gruppe3-300x225.jpg 300w, https:\/\/fricktaleroffiziere.ch\/wp-content\/uploads\/2011\/09\/Gruppe3.jpg 2048w\" sizes=\"auto, (max-width: 640px) 100vw, 640px\" \/><\/a><p id=\"caption-attachment-3109\" class=\"wp-caption-text\">Beim Gespr\u00e4ch mit NR B\u00fcchler: Peter Balzer, Michel Ingold, Werner T. M\u00fcller<\/p><\/div>\n<p style=\"text-align: center;\"><a href=\"http:\/\/fricktaleroffiziere.ch\/wp-content\/uploads\/2011\/09\/Gruppe1.jpg\"><br \/>\n<\/a><\/p>\n","protected":false},"excerpt":{"rendered":"<p>Fast h\u00e4tte die FOG den idealen Tag f\u00fcr den Besuch im Bundeshaus erwischt. Ein Tag vor der Behandlung des Armeeberichts im Nationalrat wurde eine Delegation von 10 Fricktaler Offizieren durch das Bundeshaus gef\u00fchrt und \u00fcber die architektonischen wie auch politischen &hellip; <a href=\"https:\/\/fricktaleroffiziere.ch\/?p=3104\">Weiterlesen <span class=\"meta-nav\">&rarr;<\/span><\/a><\/p>\n","protected":false},"author":28,"featured_media":0,"comment_status":"open","ping_status":"open","sticky":false,"template":"","format":"standard","meta":{"_monsterinsights_skip_tracking":false,"_monsterinsights_sitenote_active":false,"_monsterinsights_sitenote_note":"","_monsterinsights_sitenote_category":0,"_s2mail":"yes","footnotes":""},"categories":[86,53],"tags":[340,320],"class_list":["post-3104","post","type-post","status-publish","format-standard","hentry","category-86","category-fog","tag-politik","tag-veranstaltungen"],"_links":{"self":[{"href":"https:\/\/fricktaleroffiziere.ch\/index.php?rest_route=\/wp\/v2\/posts\/3104","targetHints":{"allow":["GET"]}}],"collection":[{"href":"https:\/\/fricktaleroffiziere.ch\/index.php?rest_route=\/wp\/v2\/posts"}],"about":[{"href":"https:\/\/fricktaleroffiziere.ch\/index.php?rest_route=\/wp\/v2\/types\/post"}],"author":[{"embeddable":true,"href":"https:\/\/fricktaleroffiziere.ch\/index.php?rest_route=\/wp\/v2\/users\/28"}],"replies":[{"embeddable":true,"href":"https:\/\/fricktaleroffiziere.ch\/index.php?rest_route=%2Fwp%2Fv2%2Fcomments&post=3104"}],"version-history":[{"count":6,"href":"https:\/\/fricktaleroffiziere.ch\/index.php?rest_route=\/wp\/v2\/posts\/3104\/revisions"}],"predecessor-version":[{"id":3934,"href":"https:\/\/fricktaleroffiziere.ch\/index.php?rest_route=\/wp\/v2\/posts\/3104\/revisions\/3934"}],"wp:attachment":[{"href":"https:\/\/fricktaleroffiziere.ch\/index.php?rest_route=%2Fwp%2Fv2%2Fmedia&parent=3104"}],"wp:term":[{"taxonomy":"category","embeddable":true,"href":"https:\/\/fricktaleroffiziere.ch\/index.php?rest_route=%2Fwp%2Fv2%2Fcategories&post=3104"},{"taxonomy":"post_tag","embeddable":true,"href":"https:\/\/fricktaleroffiziere.ch\/index.php?rest_route=%2Fwp%2Fv2%2Ftags&post=3104"}],"curies":[{"name":"wp","href":"https:\/\/api.w.org\/{rel}","templated":true}]}}