{"id":3170,"date":"2011-10-06T01:27:59","date_gmt":"2011-10-06T11:27:57","guid":{"rendered":"http:\/\/fricktaleroffiziere.ch\/?p=3170"},"modified":"2011-10-15T17:48:29","modified_gmt":"2011-10-15T15:48:29","slug":"verwirrungen-um-wahlempfehlungen","status":"publish","type":"post","link":"https:\/\/fricktaleroffiziere.ch\/?p=3170","title":{"rendered":"Verwirrungen um Wahlempfehlungen"},"content":{"rendered":"<p>Im Hinblick auf die Parlamentswahlen am 23. Oktober 2011 haben die Pr\u00e4sidenten der Aargauer Sektionen am 5. Juli 2011 folgendes Vorgehen beschlossen:<\/p>\n<ul>\n<li>Die Sektionen vergleichen ihre Mitgliederliste mit den Wahllisten der Parteien und stellen kandidierende Mitglieder in einer Liste zusammen.<\/li>\n<li>Diese konsolidierte Liste wird allen Sektionen z Vf gestellt, damit die Sektionen ihre Mitglieder \u00fcber kandidierende Offiziere informieren k\u00f6nnen.<\/li>\n<li>Auf eine eigentliche &#8220;Wahlempfehlung&#8221; wird verzichtet.<!--more--><\/li>\n<\/ul>\n<p>Begr\u00fcndet wurde dieses Vorgehen wie folgt:<\/p>\n<ul>\n<li>Als &#8220;politisch neutraler&#8221; Verein sind Wahlempfehlungen heikel.<\/li>\n<li>Wir k\u00f6nnen in der z Vf stehenden Zeit nicht allen Kandidatinnen und Kandidaten gerecht werden (die R\u00fcckmeldungen der Parteien waren unzureichend).<\/li>\n<li>Die Messkriterien sind diffus. Nach welchen Kriterien k\u00f6nnen wir die Kandidaten in &#8220;milit\u00e4rfreundliche&#8221; und &#8220;-unfreundliche&#8221; T\u00f6pfe werfen?\u00a0Man m\u00fcsste diese Kriterien ebenfalls ver\u00f6ffentlichen, um nachvollziehbar zu sein.<\/li>\n<li>Mit einer Liste der <span style=\"text-decoration: underline;\">kandidierenden Mitglieder eine lokalen Offiziersgesellschaft<\/span> k\u00f6nnen wir Transparenz herstellen und unseren Mitgliedern zus\u00e4tzliche Beurteilungshilfen anbieten.<\/li>\n<\/ul>\n<p>Mitte August hat die SOG die AOG gebeten, &#8220;Wahlempfehlungen&#8221; f\u00fcr die Oktober-Ausgabe der ASMZ einzureichen. Der Pr\u00e4sident der OG Freiamt hat in einer Replik an den Pr\u00e4sidenten AOG nochmals auf den Beschluss der Pr\u00e4sidentenkonferenz hingewiesen (keine Wahlempfehlungen, Zusammenstellung der kandidierenden Offiziere). Die Sache schien klar.<\/p>\n<p>Am 5. September (1523 Uhr) orientiert uns der Pr\u00e4sident AOG \u00fcber die Liste der zur Wahl zu empfehlenden acht Kandidaten mit Bitte um Feedback bis 1630 (!) Uhr des selben Tages. Dieses Vorgehen hat zu heftigen Reaktionen gef\u00fchrt.<\/p>\n<p>Der Pr\u00e4sident der Fricktalischen OG sowie der Pr\u00e4sident der OG Freiamt haben sofort ihr Veto eingereicht. Der Pr\u00e4sident AOG antwortet darauf um 1607 Uhr:<\/p>\n<blockquote><p>Nach einem eben gef\u00fchrten kl\u00e4renden Gespr\u00e4ch mit M.Hackl stehen die OG Freiamt sowie die Fricktalische Offiziersgesellschaft <strong>nicht<\/strong> hinter dem Vorgehen, einzelne Kandidaten durch Inserate in der ASMZ zu bevorzugen [!].\u00a0Ich lege fest, dass wir diese Inserate gem\u00e4ss unserem Beschluss vom vergangenen Juni nicht [!] weiterleiten werden und an unserem Vorgehen festhalten.<\/p><\/blockquote>\n<p>Man k\u00f6nnte nun annehmen, die Sache sei erledigt. Doch dann erscheint Anfang Oktober die ASMZ mit <strong>15<\/strong> Wahlempfehlungen (Seite 51f) und dem Titel &#8220;Die Aargauische OG empfiehlt zur Wahl in den Nationalrat&#8221;. Pikantes Detail: Auch Frau Corina Eichenberger, nachweislich weder Offizier noch Mitglied einer Sektion, findet sich unter den Empfehlungen wieder.<\/p>\n<p>Als Pr\u00e4sident der Fricktalischen Offiziersgesellschaft distanziere ich mich vor diesen Empfehlungen und dem Entscheid, diese Liste in der ASMZ publik zu machen. Ich habe NIE zu dieser Auswahl Stellung nehmen k\u00f6nnen und habe an den Vorstand der AOG sowie s\u00e4mtliche Pr\u00e4sidenten der Sektionen daher folgende Fragen gestellt:<\/p>\n<ul>\n<li>Welcher Beschluss gilt (Pr\u00e4sidentenkonferenz vom 5. Juli 2011 oder &#8230;)?<\/li>\n<li>Wer hat der ASMZ den Auftrag erteilt, die Wahlempfehlung in der aktuellen Form zu publizieren?<\/li>\n<li>Von welchem Gremium wurde die finale Auswahl an Kandidaten verabschiedet?<\/li>\n<li>In welcher OG sind jene Kandidaten, die gem\u00e4ss unserer Liste keiner OG zugewiesen sind? Wie kommen diese auf unsere Liste?<\/li>\n<li>Wer ist daf\u00fcr verantwortlich, dass Frau Corina Eichenberger (ohne Offiziersrang oder Mitgliedschaft in einer unserer OG) auf der Liste erscheint?<\/li>\n<\/ul>\n<p>Dass die AOG nicht die einzige <del>Kantonal<\/del>sektion ist, welche mit Problemen zu k\u00e4mpfen hat, zeigt der <a href=\"http:\/\/aog.ch\/?p=459\" target=\"_blank\">Eintrag des Pr\u00e4sidenten der &#8220;Allgemeine Offiziersgesellschaft von Z\u00fcrich und Umgebung&#8221;<\/a>. Wie die anderen Empfehlungen zustande kamen, ist nicht nachvollziehbar. Man fragt sich, wie es gewisse Herren auf die Liste geschafft, w\u00e4hrend langj\u00e4hrige Politiker keinen Platz in der ASMZ erhalten haben. Der Fall wird zweifellos noch zu reden geben.<\/p>\n<p><strong>Update 7.10.11<\/strong>:<br \/>\nAuch der <a href=\"http:\/\/www.tagesanzeiger.ch\/zuerich\/region\/Offiziere-brueskieren-den-ehemaligen-Oberst-\/story\/13749620\" target=\"_blank\">Tagesanzeiger nimmt das Thema heute auf<\/a>.<br \/>\nChristoph Blocher nimmt dazu in &#8220;<a href=\"http:\/\/www.teleblocher.ch\/_inc\/movie\/Blocherprinzip_07_10_11_Low.wmv\" target=\"_blank\">Tele Blocher<\/a>&#8221; Stellung.<\/p>\n","protected":false},"excerpt":{"rendered":"<p>Im Hinblick auf die Parlamentswahlen am 23. Oktober 2011 haben die Pr\u00e4sidenten der Aargauer Sektionen am 5. Juli 2011 folgendes Vorgehen beschlossen: Die Sektionen vergleichen ihre Mitgliederliste mit den Wahllisten der Parteien und stellen kandidierende Mitglieder in einer Liste zusammen. &hellip; <a href=\"https:\/\/fricktaleroffiziere.ch\/?p=3170\">Weiterlesen <span class=\"meta-nav\">&rarr;<\/span><\/a><\/p>\n","protected":false},"author":28,"featured_media":0,"comment_status":"open","ping_status":"open","sticky":false,"template":"","format":"standard","meta":{"_monsterinsights_skip_tracking":false,"_monsterinsights_sitenote_active":false,"_monsterinsights_sitenote_note":"","_monsterinsights_sitenote_category":0,"_s2mail":"yes","footnotes":""},"categories":[86,75,52,54],"tags":[340],"class_list":["post-3170","post","type-post","status-publish","format-standard","hentry","category-86","category-aog","category-offiziere","category-sog","tag-politik"],"_links":{"self":[{"href":"https:\/\/fricktaleroffiziere.ch\/index.php?rest_route=\/wp\/v2\/posts\/3170","targetHints":{"allow":["GET"]}}],"collection":[{"href":"https:\/\/fricktaleroffiziere.ch\/index.php?rest_route=\/wp\/v2\/posts"}],"about":[{"href":"https:\/\/fricktaleroffiziere.ch\/index.php?rest_route=\/wp\/v2\/types\/post"}],"author":[{"embeddable":true,"href":"https:\/\/fricktaleroffiziere.ch\/index.php?rest_route=\/wp\/v2\/users\/28"}],"replies":[{"embeddable":true,"href":"https:\/\/fricktaleroffiziere.ch\/index.php?rest_route=%2Fwp%2Fv2%2Fcomments&post=3170"}],"version-history":[{"count":7,"href":"https:\/\/fricktaleroffiziere.ch\/index.php?rest_route=\/wp\/v2\/posts\/3170\/revisions"}],"predecessor-version":[{"id":3177,"href":"https:\/\/fricktaleroffiziere.ch\/index.php?rest_route=\/wp\/v2\/posts\/3170\/revisions\/3177"}],"wp:attachment":[{"href":"https:\/\/fricktaleroffiziere.ch\/index.php?rest_route=%2Fwp%2Fv2%2Fmedia&parent=3170"}],"wp:term":[{"taxonomy":"category","embeddable":true,"href":"https:\/\/fricktaleroffiziere.ch\/index.php?rest_route=%2Fwp%2Fv2%2Fcategories&post=3170"},{"taxonomy":"post_tag","embeddable":true,"href":"https:\/\/fricktaleroffiziere.ch\/index.php?rest_route=%2Fwp%2Fv2%2Ftags&post=3170"}],"curies":[{"name":"wp","href":"https:\/\/api.w.org\/{rel}","templated":true}]}}