{"id":3205,"date":"2011-11-13T12:51:05","date_gmt":"2011-11-13T10:51:05","guid":{"rendered":"http:\/\/fricktaleroffiziere.ch\/?p=3205"},"modified":"2011-11-13T12:51:05","modified_gmt":"2011-11-13T10:51:05","slug":"2-saulenhausrapport-in-aarau","status":"publish","type":"post","link":"https:\/\/fricktaleroffiziere.ch\/?p=3205","title":{"rendered":"2. S\u00e4ulenhausrapport in Aarau"},"content":{"rendered":"<p>Der erste <a href=\"http:\/\/fricktaleroffiziere.ch\/?p=1257\" target=\"_blank\">S\u00e4ulenhausrapport von letztem Jahr<\/a> ist von allen Seiten positiv aufgenommen worden. So sprach alles f\u00fcr die Weiterf\u00fchrung dieses Anlasses, der auf Initiative von Regierungsr\u00e4tin Hochuli und dem Kdt der Inf Br 5, Br Daniel Keller eingef\u00fchrt wurde.\u00a0Am letzten Donnerstag Abend, 10. November 2011, wurde der Anlass wiederum im Anschluss an den Sicherheitspolitischen Grossanlass der OG Aarau im Kommando der Inf Br 5 durchgef\u00fchrt.<!--more--><\/p>\n<p>\u00dcber 30 junge Leutnants folgten der Einladung. Sie wurden zun\u00e4chst vor dem S\u00e4ulenhaus bei heissem Tee oder Gl\u00fchwein vom Kreiskommandanten AG, Oberst Rolf St\u00e4uble und dem Kdt Inf Br 5 begr\u00fcsst. Im Anschluss wurden Wurst, Brot sowie Wein oder Bier an der Fassstrasse abgegeben. Als &#8220;H\u00f6hepunkt&#8221; (Aussage von Frau RR Hochuli) wurde nach den Grussworten der Milit\u00e4rdirektorin das Tiramisu serviert.\u00a0Auch der CdA liess es sich nicht nehmen nach seinem Referat bei der OG Aarau dem S\u00e4ulenhausrapport beizuwohnen.<\/p>\n<p>Die FOG \u2013 als eher kleine Sektion \u2013 konnte an diesem Abend mit zwei Offizieren aus dem Fricktal Kontakt kn\u00fcpfen.<\/p>\n<div id=\"attachment_3209\" style=\"width: 310px\" class=\"wp-caption aligncenter\"><a href=\"http:\/\/fricktaleroffiziere.ch\/wp-content\/uploads\/2011\/11\/SHR2_SU.jpg\"><img loading=\"lazy\" decoding=\"async\" aria-describedby=\"caption-attachment-3209\" class=\"size-medium wp-image-3209 \" title=\"Frau Regierungsr\u00e4tin Hochuli spricht im Weinkeller zu den jungen Offizieren\" src=\"http:\/\/fricktaleroffiziere.ch\/wp-content\/uploads\/2011\/11\/SHR2_SU-300x225.jpg\" alt=\"Frau Regierungsr\u00e4tin Hochuli spricht im Weinkeller zu den jungen Offizieren\" width=\"300\" height=\"225\" srcset=\"https:\/\/fricktaleroffiziere.ch\/wp-content\/uploads\/2011\/11\/SHR2_SU-300x225.jpg 300w, https:\/\/fricktaleroffiziere.ch\/wp-content\/uploads\/2011\/11\/SHR2_SU-1024x768.jpg 1024w, https:\/\/fricktaleroffiziere.ch\/wp-content\/uploads\/2011\/11\/SHR2_SU.jpg 1632w\" sizes=\"auto, (max-width: 300px) 100vw, 300px\" \/><\/a><p id=\"caption-attachment-3209\" class=\"wp-caption-text\">Frau Regierungsr\u00e4tin Hochuli spricht im Weinkeller zu den jungen Offizieren<\/p><\/div>\n<div id=\"attachment_3208\" style=\"width: 310px\" class=\"wp-caption aligncenter\"><a href=\"http:\/\/fricktaleroffiziere.ch\/wp-content\/uploads\/2011\/11\/SHR_Of.jpg\"><img loading=\"lazy\" decoding=\"async\" aria-describedby=\"caption-attachment-3208\" class=\"size-medium wp-image-3208\" title=\"Aufmerksame junge Offiziere\" src=\"http:\/\/fricktaleroffiziere.ch\/wp-content\/uploads\/2011\/11\/SHR_Of-300x225.jpg\" alt=\"Aufmerksame junge Offiziere\" width=\"300\" height=\"225\" srcset=\"https:\/\/fricktaleroffiziere.ch\/wp-content\/uploads\/2011\/11\/SHR_Of-300x225.jpg 300w, https:\/\/fricktaleroffiziere.ch\/wp-content\/uploads\/2011\/11\/SHR_Of-1024x768.jpg 1024w, https:\/\/fricktaleroffiziere.ch\/wp-content\/uploads\/2011\/11\/SHR_Of.jpg 1632w\" sizes=\"auto, (max-width: 300px) 100vw, 300px\" \/><\/a><p id=\"caption-attachment-3208\" class=\"wp-caption-text\">Aufmerksame junge Offiziere<\/p><\/div>\n","protected":false},"excerpt":{"rendered":"<p>Der erste S\u00e4ulenhausrapport von letztem Jahr ist von allen Seiten positiv aufgenommen worden. So sprach alles f\u00fcr die Weiterf\u00fchrung dieses Anlasses, der auf Initiative von Regierungsr\u00e4tin Hochuli und dem Kdt der Inf Br 5, Br Daniel Keller eingef\u00fchrt wurde.\u00a0Am letzten &hellip; <a href=\"https:\/\/fricktaleroffiziere.ch\/?p=3205\">Weiterlesen <span class=\"meta-nav\">&rarr;<\/span><\/a><\/p>\n","protected":false},"author":28,"featured_media":0,"comment_status":"open","ping_status":"open","sticky":false,"template":"","format":"standard","meta":{"_monsterinsights_skip_tracking":false,"_monsterinsights_sitenote_active":false,"_monsterinsights_sitenote_note":"","_monsterinsights_sitenote_category":0,"_s2mail":"yes","footnotes":""},"categories":[86,75],"tags":[83,337,105],"class_list":["post-3205","post","type-post","status-publish","format-standard","hentry","category-86","category-aog","tag-kanton-ag","tag-kr-kdo-ag","tag-ruckblick"],"_links":{"self":[{"href":"https:\/\/fricktaleroffiziere.ch\/index.php?rest_route=\/wp\/v2\/posts\/3205","targetHints":{"allow":["GET"]}}],"collection":[{"href":"https:\/\/fricktaleroffiziere.ch\/index.php?rest_route=\/wp\/v2\/posts"}],"about":[{"href":"https:\/\/fricktaleroffiziere.ch\/index.php?rest_route=\/wp\/v2\/types\/post"}],"author":[{"embeddable":true,"href":"https:\/\/fricktaleroffiziere.ch\/index.php?rest_route=\/wp\/v2\/users\/28"}],"replies":[{"embeddable":true,"href":"https:\/\/fricktaleroffiziere.ch\/index.php?rest_route=%2Fwp%2Fv2%2Fcomments&post=3205"}],"version-history":[{"count":1,"href":"https:\/\/fricktaleroffiziere.ch\/index.php?rest_route=\/wp\/v2\/posts\/3205\/revisions"}],"predecessor-version":[{"id":3210,"href":"https:\/\/fricktaleroffiziere.ch\/index.php?rest_route=\/wp\/v2\/posts\/3205\/revisions\/3210"}],"wp:attachment":[{"href":"https:\/\/fricktaleroffiziere.ch\/index.php?rest_route=%2Fwp%2Fv2%2Fmedia&parent=3205"}],"wp:term":[{"taxonomy":"category","embeddable":true,"href":"https:\/\/fricktaleroffiziere.ch\/index.php?rest_route=%2Fwp%2Fv2%2Fcategories&post=3205"},{"taxonomy":"post_tag","embeddable":true,"href":"https:\/\/fricktaleroffiziere.ch\/index.php?rest_route=%2Fwp%2Fv2%2Ftags&post=3205"}],"curies":[{"name":"wp","href":"https:\/\/api.w.org\/{rel}","templated":true}]}}