{"id":3254,"date":"2011-12-02T13:35:50","date_gmt":"2011-12-02T11:35:50","guid":{"rendered":"http:\/\/fricktaleroffiziere.ch\/?p=3254"},"modified":"2011-12-02T13:35:50","modified_gmt":"2011-12-02T11:35:50","slug":"arbeitsbericht-des-vorstands-5","status":"publish","type":"post","link":"https:\/\/fricktaleroffiziere.ch\/?p=3254","title":{"rendered":"Arbeitsbericht des Vorstands"},"content":{"rendered":"<p>An seiner Vorstandssitzung vom 30. November 2011 hat sich der Vorstand mit folgenden Themen besch\u00e4ftigt:<\/p>\n<ul>\n<li>Aktueller <strong>Mitgliederbestand<\/strong>: 121 (davon 8 G\u00f6nner)<!--more--><\/li>\n<li>R\u00fcckblick auf verschiedene Ereignissen in der <strong>AOG<\/strong> und <strong>SOG<\/strong>.<\/li>\n<li>Erste Beurteilung m\u00f6glicher <strong>Aktivit\u00e4ten<\/strong> f\u00fcr 2012 (u.a. <a href=\"http:\/\/www.agksf2012.ch\/\" target=\"_blank\">kant. Sch\u00fctzenfest<\/a>)<\/li>\n<li>Organisation <strong>GV<\/strong> 2012 (16.03.2012, R\u00f6ssli Eiken)<\/li>\n<li>Vorbereitungen f\u00fcr den <strong>Versand<\/strong> im Februar 2012 (Einladung GV, Adressaktualisierung, Beilagen)<\/li>\n<li>Eckwerte f\u00fcr das <strong>Budget<\/strong> 2012<\/li>\n<\/ul>\n<p>Bitte teilen Sie uns Ihre Pr\u00e4ferenzen bez\u00fcglich Aktivit\u00e4ten hier mit. Andere Vorschl\u00e4ge nehmen wir gerne entgegen.<\/p>\n<div style=\"text-align: center;\"><iframe loading=\"lazy\" style=\"position: relative; z-index: 100;\" src=\"http:\/\/www.umfrageonline.com\/votebox\/vote.php?code=9cb12d1\" frameborder=\"0\" marginwidth=\"0\" marginheight=\"0\" scrolling=\"no\" width=\"240\" height=\"260\"><\/iframe><\/div>\n","protected":false},"excerpt":{"rendered":"<p>An seiner Vorstandssitzung vom 30. November 2011 hat sich der Vorstand mit folgenden Themen besch\u00e4ftigt: Aktueller Mitgliederbestand: 121 (davon 8 G\u00f6nner)<\/p>\n","protected":false},"author":28,"featured_media":0,"comment_status":"open","ping_status":"open","sticky":false,"template":"","format":"standard","meta":{"_monsterinsights_skip_tracking":false,"_monsterinsights_sitenote_active":false,"_monsterinsights_sitenote_note":"","_monsterinsights_sitenote_category":0,"_s2mail":"yes","footnotes":""},"categories":[86,53],"tags":[100,320,319],"class_list":["post-3254","post","type-post","status-publish","format-standard","hentry","category-86","category-fog","tag-fricktal","tag-veranstaltungen","tag-vorstand"],"_links":{"self":[{"href":"https:\/\/fricktaleroffiziere.ch\/index.php?rest_route=\/wp\/v2\/posts\/3254","targetHints":{"allow":["GET"]}}],"collection":[{"href":"https:\/\/fricktaleroffiziere.ch\/index.php?rest_route=\/wp\/v2\/posts"}],"about":[{"href":"https:\/\/fricktaleroffiziere.ch\/index.php?rest_route=\/wp\/v2\/types\/post"}],"author":[{"embeddable":true,"href":"https:\/\/fricktaleroffiziere.ch\/index.php?rest_route=\/wp\/v2\/users\/28"}],"replies":[{"embeddable":true,"href":"https:\/\/fricktaleroffiziere.ch\/index.php?rest_route=%2Fwp%2Fv2%2Fcomments&post=3254"}],"version-history":[{"count":3,"href":"https:\/\/fricktaleroffiziere.ch\/index.php?rest_route=\/wp\/v2\/posts\/3254\/revisions"}],"predecessor-version":[{"id":3257,"href":"https:\/\/fricktaleroffiziere.ch\/index.php?rest_route=\/wp\/v2\/posts\/3254\/revisions\/3257"}],"wp:attachment":[{"href":"https:\/\/fricktaleroffiziere.ch\/index.php?rest_route=%2Fwp%2Fv2%2Fmedia&parent=3254"}],"wp:term":[{"taxonomy":"category","embeddable":true,"href":"https:\/\/fricktaleroffiziere.ch\/index.php?rest_route=%2Fwp%2Fv2%2Fcategories&post=3254"},{"taxonomy":"post_tag","embeddable":true,"href":"https:\/\/fricktaleroffiziere.ch\/index.php?rest_route=%2Fwp%2Fv2%2Ftags&post=3254"}],"curies":[{"name":"wp","href":"https:\/\/api.w.org\/{rel}","templated":true}]}}