{"id":3346,"date":"2012-03-01T09:15:33","date_gmt":"2012-03-01T07:15:33","guid":{"rendered":"http:\/\/aargauer-offiziersgesellschaft.ch\/?p=534"},"modified":"2012-03-01T10:41:16","modified_gmt":"2012-03-01T08:41:16","slug":"kandidaten-fur-den-aog-vorstand-2012-2015","status":"publish","type":"post","link":"https:\/\/fricktaleroffiziere.ch\/?p=3346","title":{"rendered":"Kandidaten f\u00fcr den AOG Vorstand 2012 \u2013 2015"},"content":{"rendered":"<p>Gesch\u00e4tzte Kameraden Es freut mich ausserordentlich, dass es gelungen ist, f\u00fcr die Amtsperiode 1. April 2012 \u2013 31. M\u00e4rz 2015 einen neuen Vorstand zu rekrutieren, der bew\u00e4hrte und neue K\u00f6pfe umfasst, die zwischen 29 und etwas mehr Jahren alt sind und aus allen Ecken des Kantons sowie f\u00fcnf Truppengattungen rekrutiert wurden.<\/p>\n<p><strong>Pr\u00e4sident:<br \/>\n<\/strong>Dieter Wicki, Aarau<br \/>\nJg. 1967<br \/>\nOberstlt i Gst, ab 2013 G-2 Stab Inf Br 5<!--more--><br \/>\nDr. phil., Historiker, sicherheitspolitischer Berater GS VBS<br \/>\nMitglied OG Aarau, OG Lenzburg<\/p>\n<p><strong>Vizepr\u00e4sident:<br \/>\n<\/strong>Dominik Riner, Schinznach-Dorf<br \/>\nJg. 1974<br \/>\nMajor, Kdt Stv Inf Bat 20<br \/>\nDipl. Techniker HF \/ Dipl. Bauf\u00fchrer SBA,\u00a0Regionalleiter beim Ingenieurunternehmen Porta Nord AG<br \/>\nVizepr\u00e4sident OG Lenzburg<\/p>\n<p><strong>Weitere Vorstandsmitglieder:<\/strong><\/p>\n<p>Patrick Birchmeier, Brugg<br \/>\nJg. 1983<br \/>\nOblt, Scharfsch\u00fctzenzugf\u00fchrer Inf Ust\u00fc Kp 56\/4<br \/>\nMLaw UZH, Kreditanalyst NAB<br \/>\nMitglied OG Baden<\/p>\n<p>Paul Knoblauch, Aarau<br \/>\nJg. 1960<br \/>\nMajor aD, vormals Motf Of Uem Rgt 2, Ausb Of Astt 230.0, Milit\u00e4rbeobachter<br \/>\nlic.phil. I, Konrektor Berufsschule Aarau<br \/>\nMitglied OG Aarau<\/p>\n<p>Daniel Krauer, Nesselnbach<br \/>\nJg. 1971<br \/>\nOberstlt i Gst, G-4 Stab Inf Br 7<br \/>\nBerufsoffizier, Gruppenchef Generalstabsschule<br \/>\nMitglied OG Baden<\/p>\n<p>Reto Patrick M\u00fcller, Neuenhof<br \/>\nJg. 1977<br \/>\nMajor, S2 Stab Inf Bat 56<br \/>\nDr. iur., Leiter wissenschaftliches Sekretariat St. Galler Kommentar zur Bundesverfassung<br \/>\nMitglied OG Fricktal<\/p>\n<p>Raphael Schmid, Aarau<br \/>\nJg. 1982<br \/>\nHptm, S1 Stab Gren Bat 30<br \/>\nBetriebs\u00f6konom FH, Berater PWC<br \/>\nMitglied OG Fricktal<\/p>\n<p>Ich bin \u00fcberzeugt, dass wir das breite Spektrum der Aargauer Offiziere damit sehr gut abgebildet haben. Die Wahl findet anl\u00e4sslich der Generalversammlung vom 28. M\u00e4rz 2012, auf Schloss Habsburg statt.<\/p>\n<p>Kameradschaftliche Gr\u00fcsse<br \/>\nDieter Wicki<\/p>\n","protected":false},"excerpt":{"rendered":"<p>Gesch\u00e4tzte Kameraden Es freut mich ausserordentlich, dass es gelungen ist, f\u00fcr die Amtsperiode 1. April 2012 \u2013 31. M\u00e4rz 2015 einen neuen Vorstand zu rekrutieren, der bew\u00e4hrte und neue K\u00f6pfe umfasst, die zwischen 29 und etwas mehr Jahren alt sind &#8230; <a href=\"http:\/\/aargauer-offiziersgesellschaft.ch\/?p=534\">Weiterlesen <span>&#8594;<\/span><\/a> <a href=\"https:\/\/fricktaleroffiziere.ch\/?p=3346\">Weiterlesen <span class=\"meta-nav\">&rarr;<\/span><\/a><\/p>\n","protected":false},"author":17,"featured_media":0,"comment_status":"closed","ping_status":"open","sticky":false,"template":"","format":"standard","meta":{"_monsterinsights_skip_tracking":false,"_monsterinsights_sitenote_active":false,"_monsterinsights_sitenote_note":"","_monsterinsights_sitenote_category":0,"_s2mail":"yes","footnotes":""},"categories":[113,75],"tags":[320],"class_list":["post-3346","post","type-post","status-publish","format-standard","hentry","category-113","category-aog","tag-veranstaltungen"],"_links":{"self":[{"href":"https:\/\/fricktaleroffiziere.ch\/index.php?rest_route=\/wp\/v2\/posts\/3346","targetHints":{"allow":["GET"]}}],"collection":[{"href":"https:\/\/fricktaleroffiziere.ch\/index.php?rest_route=\/wp\/v2\/posts"}],"about":[{"href":"https:\/\/fricktaleroffiziere.ch\/index.php?rest_route=\/wp\/v2\/types\/post"}],"author":[{"embeddable":true,"href":"https:\/\/fricktaleroffiziere.ch\/index.php?rest_route=\/wp\/v2\/users\/17"}],"replies":[{"embeddable":true,"href":"https:\/\/fricktaleroffiziere.ch\/index.php?rest_route=%2Fwp%2Fv2%2Fcomments&post=3346"}],"version-history":[{"count":2,"href":"https:\/\/fricktaleroffiziere.ch\/index.php?rest_route=\/wp\/v2\/posts\/3346\/revisions"}],"predecessor-version":[{"id":3348,"href":"https:\/\/fricktaleroffiziere.ch\/index.php?rest_route=\/wp\/v2\/posts\/3346\/revisions\/3348"}],"wp:attachment":[{"href":"https:\/\/fricktaleroffiziere.ch\/index.php?rest_route=%2Fwp%2Fv2%2Fmedia&parent=3346"}],"wp:term":[{"taxonomy":"category","embeddable":true,"href":"https:\/\/fricktaleroffiziere.ch\/index.php?rest_route=%2Fwp%2Fv2%2Fcategories&post=3346"},{"taxonomy":"post_tag","embeddable":true,"href":"https:\/\/fricktaleroffiziere.ch\/index.php?rest_route=%2Fwp%2Fv2%2Ftags&post=3346"}],"curies":[{"name":"wp","href":"https:\/\/api.w.org\/{rel}","templated":true}]}}