{"id":3432,"date":"2012-04-19T01:16:47","date_gmt":"2012-04-18T23:16:47","guid":{"rendered":"http:\/\/fricktaleroffiziere.ch\/?p=3432"},"modified":"2012-04-19T01:16:57","modified_gmt":"2012-04-18T23:16:57","slug":"arbeitsbericht-des-vorstands-7","status":"publish","type":"post","link":"https:\/\/fricktaleroffiziere.ch\/?p=3432","title":{"rendered":"Arbeitsbericht des Vorstands"},"content":{"rendered":"<p>In seiner neuen Zusammenstellung hat der Vorstand am Abend des 18. April 2012 u.a. folgende Themen behandelt:<\/p>\n<ul>\n<li>Nachdem in den letzten beiden Jahren der <strong>Fokus<\/strong> auf internen Ver\u00e4nderungen lag (Anpassung Statuten, Neubesetzung Vorstand, Aktualisierung Mitgliederverwaltung, Stabilisierung Finanzen, neue Wege in der Kommunikation) und damit ein gutes Fundament f\u00fcr die Zukunft gelegt wurde, will sich der Vorstand nun wieder st\u00e4rker um <strong>Veranstaltungen<\/strong> und die <strong>Mitgliederwerbung<\/strong> k\u00fcmmern.<!--more--><\/li>\n<li>Der Vorstand pr\u00fcft und plant mehrere Anl\u00e4sse: Einen <strong>Familienanlass<\/strong> am Samstag Nachmittag, 30. Juni 2012, ein <strong>action-geladenes Training<\/strong> f\u00fcr junge Offiziere\/Kandidaten im Herbst, ein <strong>Combat-Schiessen<\/strong> im August\/September, einen <strong>Truppenbesuch<\/strong> am Freitag Nachmittag des 21. September 2012 sowie f\u00fcr <strong>2013<\/strong> ein etwas spezielles Offiziers-Wettschiessen. Reservieren Sie sich schon jetzt die Termine bzw. abonnieren Sie den <a href=\"http:\/\/fricktaleroffiziere.ch\/?page_id=1453\" target=\"_blank\">elektronischen Kalender<\/a>. Details folgen. F\u00fcr Veranstaltungen von anderen, nahegelegenen OG verweisen wir ebenfalls auf unseren\u00a0<a href=\"http:\/\/fricktaleroffiziere.ch\/?page_id=1453\" target=\"_blank\">elektronischen Kalender<\/a>.<\/li>\n<li>Die <strong>Vereinsversammlung 2012<\/strong> wurde erfolgreich eingesch\u00e4tzt. Verschiedene \u00c4nderungsantr\u00e4ge wurden verabschiedet. Das Grundkonzept mit Ap\u00e9ro, GV, Referat, Nachtessen und &#8216;Blick ins Archiv&#8217; wird beibehalten. Die <strong>Vereinsversammlung 2013<\/strong> findet am 15. M\u00e4rz 2013 im Raum Rheinfelden statt.<\/li>\n<li>Im n\u00e4chsten\u00a0<strong>Versand<\/strong>\u00a0Mitte Mai erhalten die Mitglieder u.a. eine aktualisierte Ausgabe des Mitgliederverzeichnisses, die Jahresrechnung mit allenfalls ausstehenden Beitragszahlungen von fr\u00fcheren Jahren und eine Pocket-Card zum Thema &#8220;Wehrpflicht&#8221;.<\/li>\n<\/ul>\n","protected":false},"excerpt":{"rendered":"<p>In seiner neuen Zusammenstellung hat der Vorstand am Abend des 18. April 2012 u.a. folgende Themen behandelt: Nachdem in den letzten beiden Jahren der Fokus auf internen Ver\u00e4nderungen lag (Anpassung Statuten, Neubesetzung Vorstand, Aktualisierung Mitgliederverwaltung, Stabilisierung Finanzen, neue Wege in &hellip; <a href=\"https:\/\/fricktaleroffiziere.ch\/?p=3432\">Weiterlesen <span class=\"meta-nav\">&rarr;<\/span><\/a><\/p>\n","protected":false},"author":28,"featured_media":0,"comment_status":"open","ping_status":"open","sticky":false,"template":"","format":"standard","meta":{"_monsterinsights_skip_tracking":false,"_monsterinsights_sitenote_active":false,"_monsterinsights_sitenote_note":"","_monsterinsights_sitenote_category":0,"_s2mail":"yes","footnotes":""},"categories":[113,53],"tags":[319],"class_list":["post-3432","post","type-post","status-publish","format-standard","hentry","category-113","category-fog","tag-vorstand"],"_links":{"self":[{"href":"https:\/\/fricktaleroffiziere.ch\/index.php?rest_route=\/wp\/v2\/posts\/3432","targetHints":{"allow":["GET"]}}],"collection":[{"href":"https:\/\/fricktaleroffiziere.ch\/index.php?rest_route=\/wp\/v2\/posts"}],"about":[{"href":"https:\/\/fricktaleroffiziere.ch\/index.php?rest_route=\/wp\/v2\/types\/post"}],"author":[{"embeddable":true,"href":"https:\/\/fricktaleroffiziere.ch\/index.php?rest_route=\/wp\/v2\/users\/28"}],"replies":[{"embeddable":true,"href":"https:\/\/fricktaleroffiziere.ch\/index.php?rest_route=%2Fwp%2Fv2%2Fcomments&post=3432"}],"version-history":[{"count":3,"href":"https:\/\/fricktaleroffiziere.ch\/index.php?rest_route=\/wp\/v2\/posts\/3432\/revisions"}],"predecessor-version":[{"id":3435,"href":"https:\/\/fricktaleroffiziere.ch\/index.php?rest_route=\/wp\/v2\/posts\/3432\/revisions\/3435"}],"wp:attachment":[{"href":"https:\/\/fricktaleroffiziere.ch\/index.php?rest_route=%2Fwp%2Fv2%2Fmedia&parent=3432"}],"wp:term":[{"taxonomy":"category","embeddable":true,"href":"https:\/\/fricktaleroffiziere.ch\/index.php?rest_route=%2Fwp%2Fv2%2Fcategories&post=3432"},{"taxonomy":"post_tag","embeddable":true,"href":"https:\/\/fricktaleroffiziere.ch\/index.php?rest_route=%2Fwp%2Fv2%2Ftags&post=3432"}],"curies":[{"name":"wp","href":"https:\/\/api.w.org\/{rel}","templated":true}]}}