{"id":3442,"date":"2012-05-10T09:57:05","date_gmt":"2012-05-10T07:57:05","guid":{"rendered":"http:\/\/fricktaleroffiziere.ch\/?p=3442"},"modified":"2012-05-10T09:57:05","modified_gmt":"2012-05-10T07:57:05","slug":"die-fog-auf-iof","status":"publish","type":"post","link":"https:\/\/fricktaleroffiziere.ch\/?p=3442","title":{"rendered":"Die FOG auf iOf"},"content":{"rendered":"<p>Die FOG bleibt weiter innovativ und elektronisch auf der H\u00f6he der Zeit. Ab sofort ist der Verein auch auf der <a href=\"http:\/\/iOfApp.ch\" target=\"_blank\">iPhone-App &#8220;iOf&#8221;<\/a> zu finden. Die nahtlose Verbindung von Kalendereintr\u00e4gen und Blogbeitr\u00e4gen mit t\u00e4glichen elektronischen Mitteln ist somit Realit\u00e4t.<\/p>\n<p>iOf ist die mit \u00fcber 7&#8217;000 Benutzer (April 2012) weitverbreiteste, milit\u00e4raffine App der Schweiz f\u00fcr iPhone. <!--more--><\/p>\n<p>Die FOG hat sich einen Platz im Modul &#8220;<a href=\"http:\/\/iofapp.ch\/?p=155\" target=\"_blank\">Vereine<\/a>&#8221; gesichert. Hier wird die FOG aus einer Liste von verschiedenen Vereinen ausgew\u00e4hlt und so einfach zug\u00e4nglich gemacht.<\/p>\n<p style=\"text-align: center;\"><a href=\"http:\/\/fricktaleroffiziere.ch\/wp-content\/uploads\/2012\/05\/iOf-FOG-1.png\"><img loading=\"lazy\" decoding=\"async\" class=\"alignnone size-medium wp-image-3443\" title=\"iOf FOG 1\" src=\"http:\/\/fricktaleroffiziere.ch\/wp-content\/uploads\/2012\/05\/iOf-FOG-1-200x300.png\" alt=\"\" width=\"200\" height=\"300\" srcset=\"https:\/\/fricktaleroffiziere.ch\/wp-content\/uploads\/2012\/05\/iOf-FOG-1-200x300.png 200w, https:\/\/fricktaleroffiziere.ch\/wp-content\/uploads\/2012\/05\/iOf-FOG-1.png 640w\" sizes=\"auto, (max-width: 200px) 100vw, 200px\" \/><\/a>\u00a0&#8211; &#8211; &#8211;\u00a0<a href=\"http:\/\/fricktaleroffiziere.ch\/wp-content\/uploads\/2012\/05\/iOf-FOG-2.png\"><img loading=\"lazy\" decoding=\"async\" class=\"alignnone size-medium wp-image-3444\" title=\"iOf FOG 2\" src=\"http:\/\/fricktaleroffiziere.ch\/wp-content\/uploads\/2012\/05\/iOf-FOG-2-200x300.png\" alt=\"\" width=\"200\" height=\"300\" srcset=\"https:\/\/fricktaleroffiziere.ch\/wp-content\/uploads\/2012\/05\/iOf-FOG-2-200x300.png 200w, https:\/\/fricktaleroffiziere.ch\/wp-content\/uploads\/2012\/05\/iOf-FOG-2.png 640w\" sizes=\"auto, (max-width: 200px) 100vw, 200px\" \/><\/a><\/p>\n<p><strong>Alle Informationen in der Hand<\/strong><br \/>\nNeben einer kurzen Vorstellung sind alle Veranstaltungen und Termine der FOG verf\u00fcgbar. Diese lassen sich entweder einzeln in den Kalender des iPhones \u00fcbertragen oder rasch abonnieren. Im zweiten Fall entf\u00e4llt ein Eintragen im Kalender, da die Termine automatisch aktualisiert werden.<\/p>\n<p>Die letzten Beitr\u00e4ge aus unserem Blog sind ebenfalls verf\u00fcgbar.\u00a0Damit ein Blick \u00fcber den Tellerrand (oder Jurabogen) auch m\u00f6glich ist, sind auch die Veranstaltungen der umliegenden Offiziersgesellschaften aufgef\u00fchrt (sofern erfasst).<\/p>\n<p>Eine Version f\u00fcr Android ist in Vorbereitung. Andere Systeme haben eingeschr\u00e4nkten Zugriff \u00fcber die webbasierte Seite\u00a0<a href=\"http:\/\/m.iofapp.ch\" target=\"_blank\">m.iofapp.ch<\/a>.<\/p>\n","protected":false},"excerpt":{"rendered":"<p>Die FOG bleibt weiter innovativ und elektronisch auf der H\u00f6he der Zeit. Ab sofort ist der Verein auch auf der iPhone-App &#8220;iOf&#8221; zu finden. Die nahtlose Verbindung von Kalendereintr\u00e4gen und Blogbeitr\u00e4gen mit t\u00e4glichen elektronischen Mitteln ist somit Realit\u00e4t. iOf ist &hellip; <a href=\"https:\/\/fricktaleroffiziere.ch\/?p=3442\">Weiterlesen <span class=\"meta-nav\">&rarr;<\/span><\/a><\/p>\n","protected":false},"author":28,"featured_media":3444,"comment_status":"open","ping_status":"open","sticky":false,"template":"","format":"standard","meta":{"_monsterinsights_skip_tracking":false,"_monsterinsights_sitenote_active":false,"_monsterinsights_sitenote_note":"","_monsterinsights_sitenote_category":0,"_s2mail":"yes","footnotes":""},"categories":[113,53],"tags":[324,328],"class_list":["post-3442","post","type-post","status-publish","format-standard","has-post-thumbnail","hentry","category-113","category-fog","tag-kommunikation","tag-miliz"],"_links":{"self":[{"href":"https:\/\/fricktaleroffiziere.ch\/index.php?rest_route=\/wp\/v2\/posts\/3442","targetHints":{"allow":["GET"]}}],"collection":[{"href":"https:\/\/fricktaleroffiziere.ch\/index.php?rest_route=\/wp\/v2\/posts"}],"about":[{"href":"https:\/\/fricktaleroffiziere.ch\/index.php?rest_route=\/wp\/v2\/types\/post"}],"author":[{"embeddable":true,"href":"https:\/\/fricktaleroffiziere.ch\/index.php?rest_route=\/wp\/v2\/users\/28"}],"replies":[{"embeddable":true,"href":"https:\/\/fricktaleroffiziere.ch\/index.php?rest_route=%2Fwp%2Fv2%2Fcomments&post=3442"}],"version-history":[{"count":3,"href":"https:\/\/fricktaleroffiziere.ch\/index.php?rest_route=\/wp\/v2\/posts\/3442\/revisions"}],"predecessor-version":[{"id":3447,"href":"https:\/\/fricktaleroffiziere.ch\/index.php?rest_route=\/wp\/v2\/posts\/3442\/revisions\/3447"}],"wp:featuredmedia":[{"embeddable":true,"href":"https:\/\/fricktaleroffiziere.ch\/index.php?rest_route=\/wp\/v2\/media\/3444"}],"wp:attachment":[{"href":"https:\/\/fricktaleroffiziere.ch\/index.php?rest_route=%2Fwp%2Fv2%2Fmedia&parent=3442"}],"wp:term":[{"taxonomy":"category","embeddable":true,"href":"https:\/\/fricktaleroffiziere.ch\/index.php?rest_route=%2Fwp%2Fv2%2Fcategories&post=3442"},{"taxonomy":"post_tag","embeddable":true,"href":"https:\/\/fricktaleroffiziere.ch\/index.php?rest_route=%2Fwp%2Fv2%2Ftags&post=3442"}],"curies":[{"name":"wp","href":"https:\/\/api.w.org\/{rel}","templated":true}]}}