{"id":3720,"date":"2012-11-29T09:52:14","date_gmt":"2012-11-29T07:52:14","guid":{"rendered":"http:\/\/aargauer-offiziersgesellschaft.ch\/?p=720"},"modified":"2012-11-29T09:52:14","modified_gmt":"2012-11-29T07:52:14","slug":"saulenhausrapport-fur-die-aog-ein-kantonaler-neumitgliederanlass","status":"publish","type":"post","link":"https:\/\/fricktaleroffiziere.ch\/?p=3720","title":{"rendered":"S\u00e4ulenhausrapport \u2013 f\u00fcr die AOG ein kantonaler Neumitgliederanlass"},"content":{"rendered":"<p>Auf dem Kommando der Infanteriebrigade 5, im \u201eS\u00e4ulenhaus\u201c in Aarau, wurden am 15. November 2012 alle neu brevetierten Leutnants begr\u00fcsst, die im Kanton Aargau wohnen. Der Anlass wurde vom Amt f\u00fcr Milit\u00e4r und Bev\u00f6lkerungsschutz des Kantons Aargau organisiert und die &#8230; <a href=\"http:\/\/aargauer-offiziersgesellschaft.ch\/?p=720\">Weiterlesen <span class=\"meta-nav\">&#8594;<\/span><\/a><\/p>\n","protected":false},"excerpt":{"rendered":"<p>Auf dem Kommando der Infanteriebrigade 5, im &bdquo;S&auml;ulenhaus&ldquo; in Aarau, wurden am 15. November 2012 alle neu brevetierten Leutnants begr&uuml;sst, die im Kanton Aargau wohnen. Der Anlass wurde vom Amt f&uuml;r Milit&auml;r und Bev&ouml;lkerungsschutz des Kantons Aargau organisiert und die &hellip; <a href=\"http:\/\/aargauer-offiziersgesellschaft.ch\/?p=720\">Weiterlesen <span>&rarr;<\/span><\/a> <a href=\"https:\/\/fricktaleroffiziere.ch\/?p=3720\">Weiterlesen <span class=\"meta-nav\">&rarr;<\/span><\/a><\/p>\n","protected":false},"author":25,"featured_media":0,"comment_status":"closed","ping_status":"open","sticky":false,"template":"","format":"standard","meta":{"_monsterinsights_skip_tracking":false,"_monsterinsights_sitenote_active":false,"_monsterinsights_sitenote_note":"","_monsterinsights_sitenote_category":0,"_s2mail":"","footnotes":""},"categories":[75,84,52,48],"tags":[],"class_list":["post-3720","post","type-post","status-publish","format-standard","hentry","category-aog","category-kr-kdo-ag","category-offiziere","category-veranstaltungen"],"_links":{"self":[{"href":"https:\/\/fricktaleroffiziere.ch\/index.php?rest_route=\/wp\/v2\/posts\/3720","targetHints":{"allow":["GET"]}}],"collection":[{"href":"https:\/\/fricktaleroffiziere.ch\/index.php?rest_route=\/wp\/v2\/posts"}],"about":[{"href":"https:\/\/fricktaleroffiziere.ch\/index.php?rest_route=\/wp\/v2\/types\/post"}],"author":[{"embeddable":true,"href":"https:\/\/fricktaleroffiziere.ch\/index.php?rest_route=\/wp\/v2\/users\/25"}],"replies":[{"embeddable":true,"href":"https:\/\/fricktaleroffiziere.ch\/index.php?rest_route=%2Fwp%2Fv2%2Fcomments&post=3720"}],"version-history":[{"count":0,"href":"https:\/\/fricktaleroffiziere.ch\/index.php?rest_route=\/wp\/v2\/posts\/3720\/revisions"}],"wp:attachment":[{"href":"https:\/\/fricktaleroffiziere.ch\/index.php?rest_route=%2Fwp%2Fv2%2Fmedia&parent=3720"}],"wp:term":[{"taxonomy":"category","embeddable":true,"href":"https:\/\/fricktaleroffiziere.ch\/index.php?rest_route=%2Fwp%2Fv2%2Fcategories&post=3720"},{"taxonomy":"post_tag","embeddable":true,"href":"https:\/\/fricktaleroffiziere.ch\/index.php?rest_route=%2Fwp%2Fv2%2Ftags&post=3720"}],"curies":[{"name":"wp","href":"https:\/\/api.w.org\/{rel}","templated":true}]}}