{"id":3735,"date":"2013-01-12T19:03:06","date_gmt":"2013-01-12T17:03:06","guid":{"rendered":"http:\/\/fricktaleroffiziere.ch\/?p=3735"},"modified":"2013-01-12T19:03:06","modified_gmt":"2013-01-12T17:03:06","slug":"arbeitsbericht-des-vorstands-10","status":"publish","type":"post","link":"https:\/\/fricktaleroffiziere.ch\/?p=3735","title":{"rendered":"Arbeitsbericht des Vorstands"},"content":{"rendered":"<div id=\"attachment_3736\" style=\"width: 310px\" class=\"wp-caption alignnone\"><img loading=\"lazy\" decoding=\"async\" aria-describedby=\"caption-attachment-3736\" class=\"size-medium wp-image-3736 \" alt=\"20130109 Fondue\" src=\"http:\/\/fricktaleroffiziere.ch\/wp-content\/uploads\/2013\/01\/20130109-Fondue-300x225.jpg\" width=\"300\" height=\"225\" srcset=\"https:\/\/fricktaleroffiziere.ch\/wp-content\/uploads\/2013\/01\/20130109-Fondue-300x225.jpg 300w, https:\/\/fricktaleroffiziere.ch\/wp-content\/uploads\/2013\/01\/20130109-Fondue-1024x768.jpg 1024w\" sizes=\"auto, (max-width: 300px) 100vw, 300px\" \/><p id=\"caption-attachment-3736\" class=\"wp-caption-text\">Dany Laube, Michel Ingold und Simon Stocker<\/p><\/div>\n<p>Die erste Sitzung im neuen Jahr hat der Vorstand am Tag des <em>Fondue Rapports<\/em> durchgef\u00fchrt. Im Anschluss hat er u.a. \u00fcber folgende Themen gesprochen.<\/p>\n<ul>\n<li><span style=\"line-height: 16px;\" data-mce-mark=\"1\">Der Vorstand nahm von den Jubil\u00e4umsaktivit\u00e4ten der <strong>OGBB<\/strong> Kenntnis. Wir verweisen dabei gerne auf das <a href=\"http:\/\/www.ogbb.ch\/events\/\" target=\"_blank\">Programm<\/a> und empfehlen insbesondere &#8220;<a href=\"http:\/\/www.ogbb.ch\/nc\/news\/site_news\/newsdetail\/article\/172\/6_jubilaeumsanlass_10_jahre_ogbb_etwas_exklusives\/\" target=\"_blank\">Etwas Exklusives<\/a>&#8221; \u2013 den Besuch bei der Schwedischen Armee. Weitere Informationen folgen im n\u00e4chsten postalischen Versand.<\/span><\/li>\n<li>Die <strong>SOG<\/strong> verf\u00fcgt neu \u00fcber einen <a href=\"http:\/\/sog.ch\" target=\"_blank\">Blog<\/a> und nimmt damit das Kommunikationskonzept der FOG auf.<\/li>\n<li>Der <strong>Mitgliederbestand<\/strong> bleibt mit kleinen Bewegungen gleich. Das Vereinsjahr kann mit einem <strong>positiven Finanzergebnis<\/strong> abgeschlossen werden.<\/li>\n<li>Maj Beat B\u00fchler wird den <strong>Vorstand<\/strong> auf die Vereinsversammlung 2013 verlassen.\u00a0F\u00fcr Erweiterungen und Abl\u00f6sungen im Vorstand wurden mehrere, meist j\u00fcngere Mitglieder kontaktiert. Definitive Zusagen stehen noch aus.<\/li>\n<li>Die <strong>Vereinsversammlung<\/strong> 2013 findet wie schon angek\u00fcndigt am 15. M\u00e4rz 2013 in der <a href=\"https:\/\/maps.google.com\/maps?q=Restaurant+Krone,+Landstrasse,+M%C3%B6hlin,+Schweiz&amp;hl=de&amp;ie=UTF8&amp;sll=47.464545,8.290185&amp;sspn=0.102821,0.161533&amp;oq=Krone,+M%C3%B6hlin&amp;t=h&amp;hq=Restaurant+Krone,&amp;hnear=Landstrasse,+M%C3%B6hlin,+Aargau,+Schweiz&amp;z=16\" target=\"_blank\">Krone M\u00f6hlin<\/a> statt. Ren\u00e9 M\u00fcller, Leiter Katastrophenvorsorge Aargau wird \u00fcber die zivile F\u00fchrung im Fall einer Katastrophe referieren.<\/li>\n<li>Die <strong>n\u00e4chsten Veranstaltungen<\/strong> der FOG sind: <em>Vereinsversammlung<\/em> 2013, <em>Spargel Rapport<\/em> (10. April 2013, Krone Wittnau), <em>AOG Wettschiessen<\/em> (25. Mai 2013, <a href=\"https:\/\/maps.google.com\/maps\/ms?ll=47.521736,8.003781&amp;spn=0.00321,0.005048&amp;t=h&amp;z=18&amp;vpsrc=6&amp;iwloc=0004d3195b718135e57f7&amp;msa=0&amp;msid=206926054586633900321.0004d3195643fc60e25a5\" target=\"_blank\">RSA Schlauen Frick\/Oeschgen\/Eiken<\/a>).<\/li>\n<li>Im Hinblick auf die <strong>Abstimmung \u00fcber die<\/strong> <strong>Wehrpflicht<\/strong> im Herbst, hat der Vorstand verschiedene Finanzierungsm\u00f6glichkeiten diskutiert. Hier sind auf Stufe SOG und AOG noch Entscheide ausstehend. Es ist jedoch fest die Absicht des Vorstands, allf\u00e4llige finanzielle Forderungen von Seiten der Kampagnenleitung nicht durch Erh\u00f6hung des Mitgliederbeitrags nachzukommen. Zudem ist genau zu pr\u00fcfen, wozu die Mittel \u2013 auf welcher Stufe auch immer \u2013 verwendet werden sollen. Bis zur Vereinsversammlung m\u00fcssten dazu genauere Informationen vorliegen.<\/li>\n<li>Der Vorstand pr\u00fcft die \u00dcberarbeitung unseres <strong>Vereinslogos<\/strong> sowie die Anschaffung einer <strong>Tisch-Fahne<\/strong>.<\/li>\n<\/ul>\n<p>&nbsp;<\/p>\n","protected":false},"excerpt":{"rendered":"<p>Die erste Sitzung im neuen Jahr hat der Vorstand am Tag des Fondue Rapports durchgef\u00fchrt. Im Anschluss hat er u.a. \u00fcber folgende Themen gesprochen. Der Vorstand nahm von den Jubil\u00e4umsaktivit\u00e4ten der OGBB Kenntnis. Wir verweisen dabei gerne auf das Programm &hellip; <a href=\"https:\/\/fricktaleroffiziere.ch\/?p=3735\">Weiterlesen <span class=\"meta-nav\">&rarr;<\/span><\/a><\/p>\n","protected":false},"author":28,"featured_media":0,"comment_status":"open","ping_status":"open","sticky":false,"template":"","format":"standard","meta":{"_monsterinsights_skip_tracking":false,"_monsterinsights_sitenote_active":false,"_monsterinsights_sitenote_note":"","_monsterinsights_sitenote_category":0,"_s2mail":"yes","footnotes":""},"categories":[282,45],"tags":[46,324,336,320,319,329],"class_list":["post-3735","post","type-post","status-publish","format-standard","hentry","category-282","category-vorstand","tag-finanzen","tag-kommunikation","tag-ogbb","tag-veranstaltungen","tag-vorstand","tag-wehrpflicht"],"_links":{"self":[{"href":"https:\/\/fricktaleroffiziere.ch\/index.php?rest_route=\/wp\/v2\/posts\/3735","targetHints":{"allow":["GET"]}}],"collection":[{"href":"https:\/\/fricktaleroffiziere.ch\/index.php?rest_route=\/wp\/v2\/posts"}],"about":[{"href":"https:\/\/fricktaleroffiziere.ch\/index.php?rest_route=\/wp\/v2\/types\/post"}],"author":[{"embeddable":true,"href":"https:\/\/fricktaleroffiziere.ch\/index.php?rest_route=\/wp\/v2\/users\/28"}],"replies":[{"embeddable":true,"href":"https:\/\/fricktaleroffiziere.ch\/index.php?rest_route=%2Fwp%2Fv2%2Fcomments&post=3735"}],"version-history":[{"count":2,"href":"https:\/\/fricktaleroffiziere.ch\/index.php?rest_route=\/wp\/v2\/posts\/3735\/revisions"}],"predecessor-version":[{"id":3738,"href":"https:\/\/fricktaleroffiziere.ch\/index.php?rest_route=\/wp\/v2\/posts\/3735\/revisions\/3738"}],"wp:attachment":[{"href":"https:\/\/fricktaleroffiziere.ch\/index.php?rest_route=%2Fwp%2Fv2%2Fmedia&parent=3735"}],"wp:term":[{"taxonomy":"category","embeddable":true,"href":"https:\/\/fricktaleroffiziere.ch\/index.php?rest_route=%2Fwp%2Fv2%2Fcategories&post=3735"},{"taxonomy":"post_tag","embeddable":true,"href":"https:\/\/fricktaleroffiziere.ch\/index.php?rest_route=%2Fwp%2Fv2%2Ftags&post=3735"}],"curies":[{"name":"wp","href":"https:\/\/api.w.org\/{rel}","templated":true}]}}