{"id":3740,"date":"2013-01-20T21:28:17","date_gmt":"2013-01-20T19:28:17","guid":{"rendered":"http:\/\/fricktaleroffiziere.ch\/?p=3740"},"modified":"2013-01-20T21:28:17","modified_gmt":"2013-01-20T19:28:17","slug":"osterreich-halt-an-der-wehrpflicht-fest","status":"publish","type":"post","link":"https:\/\/fricktaleroffiziere.ch\/?p=3740","title":{"rendered":"\u00d6sterreich h\u00e4lt an der Wehrpflicht fest"},"content":{"rendered":"<p><a href=\"http:\/\/sog.ch\/2013\/01\/wehrpflicht_aut\/\"><img loading=\"lazy\" decoding=\"async\" class=\"alignright\" style=\"border: 0px; margin: 0px;\" alt=\"\" src=\"http:\/\/sog.ch\/wp-content\/uploads\/2013\/01\/VSS_de-300x126.png\" width=\"180\" height=\"76\" \/><\/a>Der Verein f\u00fcr eine sichere Schweiz mit \u00fcber 300\u2018000 Mitgliedern begr\u00fcsst es, dass sich in \u00d6sterreich eine deutliche Mehrheit der Bev\u00f6lkerung f\u00fcr die Beibehaltung der Wehrpflicht ausgesprochen hat. Er setzt sich daf\u00fcr ein, dass die Schweizerinnen und Schweizer die Volksinitiative der Gruppe Schweiz ohne Armee zur Abschaffung der Wehrpflicht im Herbst 2013 ablehnen werden.<\/p>\n","protected":false},"excerpt":{"rendered":"<p>Der Verein f\u00fcr eine sichere Schweiz mit \u00fcber 300\u2018000 Mitgliedern begr\u00fcsst es, dass sich in \u00d6sterreich eine deutliche Mehrheit der Bev\u00f6lkerung f\u00fcr die Beibehaltung der Wehrpflicht ausgesprochen hat. Er setzt sich daf\u00fcr ein, dass die Schweizerinnen und Schweizer die Volksinitiative &hellip; <a href=\"https:\/\/fricktaleroffiziere.ch\/?p=3740\">Weiterlesen <span class=\"meta-nav\">&rarr;<\/span><\/a><\/p>\n","protected":false},"author":21,"featured_media":0,"comment_status":"open","ping_status":"open","sticky":false,"template":"","format":"standard","meta":{"_monsterinsights_skip_tracking":false,"_monsterinsights_sitenote_active":false,"_monsterinsights_sitenote_note":"","_monsterinsights_sitenote_category":0,"_s2mail":"yes","footnotes":""},"categories":[282,212],"tags":[92,326,347,329],"class_list":["post-3740","post","type-post","status-publish","format-standard","hentry","category-282","category-abstimmungen","tag-abstimmung","tag-international","tag-vss","tag-wehrpflicht"],"_links":{"self":[{"href":"https:\/\/fricktaleroffiziere.ch\/index.php?rest_route=\/wp\/v2\/posts\/3740","targetHints":{"allow":["GET"]}}],"collection":[{"href":"https:\/\/fricktaleroffiziere.ch\/index.php?rest_route=\/wp\/v2\/posts"}],"about":[{"href":"https:\/\/fricktaleroffiziere.ch\/index.php?rest_route=\/wp\/v2\/types\/post"}],"author":[{"embeddable":true,"href":"https:\/\/fricktaleroffiziere.ch\/index.php?rest_route=\/wp\/v2\/users\/21"}],"replies":[{"embeddable":true,"href":"https:\/\/fricktaleroffiziere.ch\/index.php?rest_route=%2Fwp%2Fv2%2Fcomments&post=3740"}],"version-history":[{"count":2,"href":"https:\/\/fricktaleroffiziere.ch\/index.php?rest_route=\/wp\/v2\/posts\/3740\/revisions"}],"predecessor-version":[{"id":3742,"href":"https:\/\/fricktaleroffiziere.ch\/index.php?rest_route=\/wp\/v2\/posts\/3740\/revisions\/3742"}],"wp:attachment":[{"href":"https:\/\/fricktaleroffiziere.ch\/index.php?rest_route=%2Fwp%2Fv2%2Fmedia&parent=3740"}],"wp:term":[{"taxonomy":"category","embeddable":true,"href":"https:\/\/fricktaleroffiziere.ch\/index.php?rest_route=%2Fwp%2Fv2%2Fcategories&post=3740"},{"taxonomy":"post_tag","embeddable":true,"href":"https:\/\/fricktaleroffiziere.ch\/index.php?rest_route=%2Fwp%2Fv2%2Ftags&post=3740"}],"curies":[{"name":"wp","href":"https:\/\/api.w.org\/{rel}","templated":true}]}}