{"id":3776,"date":"2013-03-17T13:23:55","date_gmt":"2013-03-17T11:23:55","guid":{"rendered":"http:\/\/fricktaleroffiziere.ch\/?p=3776"},"modified":"2013-03-19T00:27:15","modified_gmt":"2013-03-18T22:27:15","slug":"ruckblick-auf-die-gv-2013","status":"publish","type":"post","link":"https:\/\/fricktaleroffiziere.ch\/?p=3776","title":{"rendered":"R\u00fcckblick auf die Vereinsversammlung 2013"},"content":{"rendered":"<p>Die Sonne stand tief \u00fcber dem Horizont als sich am Freitag Abend, 15. M\u00e4rz 2013 21 Offiziere der FOG in der Krone M\u00f6hlin zur Vereinsversammlung 2013 zusammenfanden. Mehr als die H\u00e4lfte war im Tenu A gekleidet, womit deutlich wird, dass die FOG wieder mehr junge, milit\u00e4risch aktive Offiziere zur Teilnahme bewegen kann.<\/p>\n<p>W\u00e4hrend des Ap\u00e9ro begr\u00fcsste der Pr\u00e4sident die neu brevetierten Offiziere sowie jene, die im letzten Jahr bef\u00f6rdert wurden. In einer Zeit, in der viele nur noch vom Staat profitieren wollen, bilden diese Kader eine l\u00f6bliche Ausnahme und bringen mit ihrem selbstlosen Engagement die Gesellschaft weiter.<!--more--><\/p>\n<p><strong>Musterg\u00fcltige Katastrophenvorsorge<\/strong><br \/>\nDer Leiter Katastrophenvorsorge des Kantons Aargau, Herr Ren\u00e9 M\u00fcller, hat in einem sehr informativen und umfassenden Referat (<a href=\"http:\/\/fricktaleroffiziere.ch\/wp-content\/uploads\/2013\/03\/20130315-KFS.pdf\" target=\"_blank\">PDF<\/a>) den Teilnehmern klar gemacht, dass der Kanton Aargau in der Katastrophenvorsorge sehr gut ger\u00fcstet ist. Sowohl materiell als auch f\u00fchrungstechnisch und organisatorisch d\u00fcrfen sich die Kantonsb\u00fcrger sicher f\u00fchlen. Es w\u00e4re der Landesregierung zu w\u00fcnschen, dass sie die Armee aufgrund der gleichen, seri\u00f6sen Bedrohungsanalyse aufstellen und alimentieren w\u00fcrden.<\/p>\n<div id=\"attachment_3795\" style=\"width: 310px\" class=\"wp-caption alignright\"><img loading=\"lazy\" decoding=\"async\" aria-describedby=\"caption-attachment-3795\" class=\"size-medium wp-image-3795\" title=\"Ren\u00e9 M\u00fcller erh\u00e4lt f\u00fcr seinen Vortrag eine &quot;Notration&quot; aus dem Fricktal vom Pr\u00e4sidenten \u00fcberreicht.\" alt=\"Ren\u00e9 M\u00fcller erh\u00e4lt f\u00fcr seinen Vortrag eine &quot;Notration&quot; aus dem Fricktal vom Pr\u00e4sidenten \u00fcberreicht.\" src=\"http:\/\/fricktaleroffiziere.ch\/wp-content\/uploads\/2013\/03\/20130318-20130315_201727-300x225.jpg\" width=\"300\" height=\"225\" srcset=\"https:\/\/fricktaleroffiziere.ch\/wp-content\/uploads\/2013\/03\/20130318-20130315_201727-300x225.jpg 300w, https:\/\/fricktaleroffiziere.ch\/wp-content\/uploads\/2013\/03\/20130318-20130315_201727-1024x768.jpg 1024w\" sizes=\"auto, (max-width: 300px) 100vw, 300px\" \/><p id=\"caption-attachment-3795\" class=\"wp-caption-text\">Ren\u00e9 M\u00fcller erh\u00e4lt f\u00fcr seinen Vortrag eine &#8220;Notration&#8221; aus dem Fricktal vom Pr\u00e4sidenten \u00fcberreicht.<\/p><\/div>\n<p>Nach dem Hauptgang wurde es Zeit f\u00fcr den offiziellen Teil. Im <a href=\"http:\/\/fricktaleroffiziere.ch\/?p=3778\" target=\"_blank\">Jahresbericht<\/a> fasste der Pr\u00e4sident die Lage der Welt und in der Schweiz 2012 zusammen. Zwischen oft \u00fcbersehener Realit\u00e4t und der Sicherheitspolitik der Schweiz klafft eine grosse L\u00fccke. Statt sich auf die sich verschlechternde Lage vorzubereiten, verkeilt man sich in Details und agiert ziellos.<\/p>\n<p>Maj Beat B\u00fchler wurde nach sieben Jahren aus dem Vorstand verabschiedet. Neu wurde Oblt Stephan Benz, Frick, in den Vorstand gew\u00e4hlt. Das <a href=\"http:\/\/fricktaleroffiziere.ch\/?page_id=1453\" target=\"_blank\">Jahresprogramm<\/a> wurde deutlich erweitert und ist nun auch \u00fcber die <a href=\"http:\/\/iOfApp.ch\" target=\"_blank\">iPhone App &#8220;iOf&#8221;<\/a> verf\u00fcgbar. Der Pr\u00e4sident der <a href=\"http:\/\/aargauer-offiziersgesellschaft.ch\" target=\"_blank\">AOG<\/a>, Oberstlt i Gst Dieter Wicki, hat \u00fcber den Kampf gegen die &#8220;Unsicherheits-Initiative&#8221; (Abschaffung der Wehrpflicht) informiert. Das Budget wurde auf diesen Kampf ausgerichtet. Eine verantwortliche Person und ein kleines Aktionsteam wurde bestimmt.<\/p>\n<p>Es war bereits nach 2200 Uhr, als der Dessert serviert wurde und sich die Teilnehmer auf den Heimweg durch die kalte Nacht aufmachten.<\/p>\n","protected":false},"excerpt":{"rendered":"<p>Die Sonne stand tief \u00fcber dem Horizont als sich am Freitag Abend, 15. M\u00e4rz 2013 21 Offiziere der FOG in der Krone M\u00f6hlin zur Vereinsversammlung 2013 zusammenfanden. Mehr als die H\u00e4lfte war im Tenu A gekleidet, womit deutlich wird, dass &hellip; <a href=\"https:\/\/fricktaleroffiziere.ch\/?p=3776\">Weiterlesen <span class=\"meta-nav\">&rarr;<\/span><\/a><\/p>\n","protected":false},"author":28,"featured_media":0,"comment_status":"open","ping_status":"open","sticky":false,"template":"","format":"standard","meta":{"_monsterinsights_skip_tracking":false,"_monsterinsights_sitenote_active":false,"_monsterinsights_sitenote_note":"","_monsterinsights_sitenote_category":0,"_s2mail":"yes","footnotes":""},"categories":[282,53,48,45],"tags":[320,319],"class_list":["post-3776","post","type-post","status-publish","format-standard","hentry","category-282","category-fog","category-veranstaltungen","category-vorstand","tag-veranstaltungen","tag-vorstand"],"_links":{"self":[{"href":"https:\/\/fricktaleroffiziere.ch\/index.php?rest_route=\/wp\/v2\/posts\/3776","targetHints":{"allow":["GET"]}}],"collection":[{"href":"https:\/\/fricktaleroffiziere.ch\/index.php?rest_route=\/wp\/v2\/posts"}],"about":[{"href":"https:\/\/fricktaleroffiziere.ch\/index.php?rest_route=\/wp\/v2\/types\/post"}],"author":[{"embeddable":true,"href":"https:\/\/fricktaleroffiziere.ch\/index.php?rest_route=\/wp\/v2\/users\/28"}],"replies":[{"embeddable":true,"href":"https:\/\/fricktaleroffiziere.ch\/index.php?rest_route=%2Fwp%2Fv2%2Fcomments&post=3776"}],"version-history":[{"count":8,"href":"https:\/\/fricktaleroffiziere.ch\/index.php?rest_route=\/wp\/v2\/posts\/3776\/revisions"}],"predecessor-version":[{"id":3788,"href":"https:\/\/fricktaleroffiziere.ch\/index.php?rest_route=\/wp\/v2\/posts\/3776\/revisions\/3788"}],"wp:attachment":[{"href":"https:\/\/fricktaleroffiziere.ch\/index.php?rest_route=%2Fwp%2Fv2%2Fmedia&parent=3776"}],"wp:term":[{"taxonomy":"category","embeddable":true,"href":"https:\/\/fricktaleroffiziere.ch\/index.php?rest_route=%2Fwp%2Fv2%2Fcategories&post=3776"},{"taxonomy":"post_tag","embeddable":true,"href":"https:\/\/fricktaleroffiziere.ch\/index.php?rest_route=%2Fwp%2Fv2%2Ftags&post=3776"}],"curies":[{"name":"wp","href":"https:\/\/api.w.org\/{rel}","templated":true}]}}