{"id":3811,"date":"2013-04-11T09:29:26","date_gmt":"2013-04-11T07:29:26","guid":{"rendered":"http:\/\/fricktaleroffiziere.ch\/?p=3811"},"modified":"2013-04-11T09:29:26","modified_gmt":"2013-04-11T07:29:26","slug":"ruckblick-1-spargel-rapport","status":"publish","type":"post","link":"https:\/\/fricktaleroffiziere.ch\/?p=3811","title":{"rendered":"R\u00fcckblick: 1. Spargel-Rapport"},"content":{"rendered":"<p>Selbst in der Ostschweiz nahm man vom Spargel-Rapport der FOG Kenntnis (er stand l\u00e4ngere Zeit ganz oben im neuen\u00a0<a href=\"http:\/\/sog.ch\/events\/sektionen\/\" target=\"_blank\">Veranstaltungskalender der SOG<\/a>). Dennoch blieb der grosse Ansturm aus. An den Spargeln konnte es nicht liegen: Es gab &#8220;Spargeln aD&#8221; (\u00e0 Discr\u00e9tion) aus dem Elsass und Peru.\u00a0Dazu feine Sauce Hollandaise, B\u00e4rlauchsauce sowie Schinken und Wein.\u00a0<!--more--><\/p>\n<div id=\"attachment_3812\" style=\"width: 650px\" class=\"wp-caption aligncenter\"><a href=\"http:\/\/fricktaleroffiziere.ch\/wp-content\/uploads\/2013\/04\/20130410-QR-Spargel-Platte.jpg\"><img loading=\"lazy\" decoding=\"async\" aria-describedby=\"caption-attachment-3812\" class=\"size-large wp-image-3812\" title=\"Antrittsverlesen der Spargelkompanie\" alt=\"20130410 QR Spargel Platte\" src=\"http:\/\/fricktaleroffiziere.ch\/wp-content\/uploads\/2013\/04\/20130410-QR-Spargel-Platte-1024x768.jpg\" width=\"640\" height=\"480\" srcset=\"https:\/\/fricktaleroffiziere.ch\/wp-content\/uploads\/2013\/04\/20130410-QR-Spargel-Platte-1024x768.jpg 1024w, https:\/\/fricktaleroffiziere.ch\/wp-content\/uploads\/2013\/04\/20130410-QR-Spargel-Platte-300x225.jpg 300w\" sizes=\"auto, (max-width: 640px) 100vw, 640px\" \/><\/a><p id=\"caption-attachment-3812\" class=\"wp-caption-text\">Antrittsverlesen der Spargelkompanie<\/p><\/div>\n<p>&nbsp;<\/p>\n<p>Das vorz\u00fcgliche Essen\u00a0im Restaurant Krone in Wittnau unterst\u00fctze die sicherheitspolitische Diskussion. Es waren nicht nur Armeethemen, sondern auch wirtschaftliche Hintergr\u00fcnde, Historisches und Bedrohungslagen aus technischen Katastrophen bei der die Aare tats\u00e4chlich bergaufw\u00e4rts fliessen kann&#8230; Das Ziel des Rapports (Austausch unter Offizieren bei kulinarischem Schmaus) wurde voll und ganz erreicht.<\/p>\n<div id=\"attachment_3813\" style=\"width: 458px\" class=\"wp-caption aligncenter\"><img loading=\"lazy\" decoding=\"async\" aria-describedby=\"caption-attachment-3813\" class=\" wp-image-3813\" title=\"Auf die Spargel, fertig los!\" alt=\"20130410 QR Spargel totale\" src=\"http:\/\/fricktaleroffiziere.ch\/wp-content\/uploads\/2013\/04\/20130410-QR-Spargel-totale-1024x768.jpg\" width=\"448\" height=\"336\" srcset=\"https:\/\/fricktaleroffiziere.ch\/wp-content\/uploads\/2013\/04\/20130410-QR-Spargel-totale-1024x768.jpg 1024w, https:\/\/fricktaleroffiziere.ch\/wp-content\/uploads\/2013\/04\/20130410-QR-Spargel-totale-300x225.jpg 300w\" sizes=\"auto, (max-width: 448px) 100vw, 448px\" \/><p id=\"caption-attachment-3813\" class=\"wp-caption-text\">Auf die Spargel, fertig los!<\/p><\/div>\n<p>Der n\u00e4chste Quartals-Rapport findet am <a href=\"http:\/\/fricktaleroffiziere.ch\/?page_id=1453\" target=\"_blank\">10. Juli 2013 in Rheinfelden<\/a> statt. Zu aktuellen Themen, welche unser Offizierskorps bewegt, werden Bier und Wurst serviert. Reserviert euch schon jetzt den Abend!<\/p>\n","protected":false},"excerpt":{"rendered":"<p>Selbst in der Ostschweiz nahm man vom Spargel-Rapport der FOG Kenntnis (er stand l\u00e4ngere Zeit ganz oben im neuen\u00a0Veranstaltungskalender der SOG). Dennoch blieb der grosse Ansturm aus. An den Spargeln konnte es nicht liegen: Es gab &#8220;Spargeln aD&#8221; (\u00e0 Discr\u00e9tion) &hellip; <a href=\"https:\/\/fricktaleroffiziere.ch\/?p=3811\">Weiterlesen <span class=\"meta-nav\">&rarr;<\/span><\/a><\/p>\n","protected":false},"author":28,"featured_media":0,"comment_status":"open","ping_status":"open","sticky":false,"template":"","format":"standard","meta":{"_monsterinsights_skip_tracking":false,"_monsterinsights_sitenote_active":false,"_monsterinsights_sitenote_note":"","_monsterinsights_sitenote_category":0,"_s2mail":"yes","footnotes":""},"categories":[282,48],"tags":[288,320],"class_list":["post-3811","post","type-post","status-publish","format-standard","hentry","category-282","category-veranstaltungen","tag-quartals-rapport","tag-veranstaltungen"],"_links":{"self":[{"href":"https:\/\/fricktaleroffiziere.ch\/index.php?rest_route=\/wp\/v2\/posts\/3811","targetHints":{"allow":["GET"]}}],"collection":[{"href":"https:\/\/fricktaleroffiziere.ch\/index.php?rest_route=\/wp\/v2\/posts"}],"about":[{"href":"https:\/\/fricktaleroffiziere.ch\/index.php?rest_route=\/wp\/v2\/types\/post"}],"author":[{"embeddable":true,"href":"https:\/\/fricktaleroffiziere.ch\/index.php?rest_route=\/wp\/v2\/users\/28"}],"replies":[{"embeddable":true,"href":"https:\/\/fricktaleroffiziere.ch\/index.php?rest_route=%2Fwp%2Fv2%2Fcomments&post=3811"}],"version-history":[{"count":2,"href":"https:\/\/fricktaleroffiziere.ch\/index.php?rest_route=\/wp\/v2\/posts\/3811\/revisions"}],"predecessor-version":[{"id":3815,"href":"https:\/\/fricktaleroffiziere.ch\/index.php?rest_route=\/wp\/v2\/posts\/3811\/revisions\/3815"}],"wp:attachment":[{"href":"https:\/\/fricktaleroffiziere.ch\/index.php?rest_route=%2Fwp%2Fv2%2Fmedia&parent=3811"}],"wp:term":[{"taxonomy":"category","embeddable":true,"href":"https:\/\/fricktaleroffiziere.ch\/index.php?rest_route=%2Fwp%2Fv2%2Fcategories&post=3811"},{"taxonomy":"post_tag","embeddable":true,"href":"https:\/\/fricktaleroffiziere.ch\/index.php?rest_route=%2Fwp%2Fv2%2Ftags&post=3811"}],"curies":[{"name":"wp","href":"https:\/\/api.w.org\/{rel}","templated":true}]}}