{"id":3826,"date":"2013-05-01T11:55:57","date_gmt":"2013-05-01T09:55:57","guid":{"rendered":"http:\/\/fricktaleroffiziere.ch\/?p=3826"},"modified":"2013-05-02T17:10:26","modified_gmt":"2013-05-02T15:10:26","slug":"arbeitsbericht-des-vorstands-11","status":"publish","type":"post","link":"https:\/\/fricktaleroffiziere.ch\/?p=3826","title":{"rendered":"Arbeitsbericht des Vorstands"},"content":{"rendered":"<p>Am 30. April 2013 hat sich der Vorstand zum ersten Mal in der neuen Zusammensetzung zusammengefunden und u.a. folgende Punkte besprochen:<\/p>\n<ul>\n<li><span style=\"line-height: 16px;\">Aus der <strong>Vereinsversammlung 2013<\/strong> wurden Konsequenzen f\u00fcr das n\u00e4chste Mal abgeleitet. Das Programm wird grunds\u00e4tzlich gleich bleiben. Wir versuchen einen Referenten zum Thema &#8220;WEA&#8221; zu gewinnen. Dieser Vortrag soll \u00f6ffentlich sein. Wir werden \u00fcberdies versuchen, Politiker aus dem Fricktal an die Versammlung einzuladen. Die Versammlung 2014 findet am <a href=\"http:\/\/fricktaleroffiziere.ch\/?page_id=1453\" target=\"_blank\">Freitag Abend, 21. M\u00e4rz 2014<\/a> voraussichtlich in Frick statt.<!--more--><\/span><\/li>\n<li>Der Vorstand hat die Initiative der <a href=\"http:\/\/www.ogbrugg.ch\/\" target=\"_blank\">OG Brugg<\/a> begr\u00fcsst, wonach wir ab 2014 einen <strong>gemeinsamen Anlass auf dem B\u00f6zberg<\/strong> durchf\u00fchren wollen. Wir werden in der zweiten Jahresh\u00e4lfte mit der Organisation beginnen.<\/li>\n<li>Die FOG wird <span style=\"text-decoration: underline;\">nicht<\/span> am <strong>Dorffest Frick<\/strong> 2014 teilnehmen.<\/li>\n<li>Wir konzentrieren uns dieses Jahr auf die Abstimmung \u00fcber die <a href=\"http:\/\/unsicherheits-initiative-nein.ch\/\" target=\"_blank\">Unsicherheits-Initiative der GSoA<\/a> (Aufhebung Wehrpflicht) und planen daher <strong>keine weiteren Anl\u00e4sse<\/strong>. Somit bleibt es <a href=\"http:\/\/fricktaleroffiziere.ch\/?page_id=1453\" target=\"_blank\">beim aktuellen Programm<\/a>.<\/li>\n<li>Noch immer haben einige <del>Mitglieder<\/del> G\u00f6nner ihre Beitr\u00e4ge aus vergangenen Jahren nicht einbezahlt. Wir werden die Herren mit der diesj\u00e4hrigen Rechnung auf die <strong>Ausst\u00e4nde<\/strong> hinweisen und die Beitr\u00e4ge einfordern.<\/li>\n<li>Der n\u00e4chste Anlass, der &#8220;<strong><a href=\"http:\/\/fricktaleroffiziere.ch\/?page_id=1453\" target=\"_blank\">Bier&amp;Wurst-Rapport<\/a><\/strong>&#8221; findet wie geplant am 10. Juli im Feldschl\u00f6ssli Rheinfelden (<span style=\"text-decoration: underline;\">nicht<\/span> in der Altstadt) statt.<\/li>\n<li>F\u00fcr das <strong><a href=\"http:\/\/aargauer-offiziersgesellschaft.ch\/?page_id=760\" target=\"_blank\">AOG-Wettschiessen<\/a><\/strong> haben wir f\u00fcnf Stiche (Einzel- und Gruppenwertung) zusammengestellt. Die Details und das Anmeldeformular finden Sie auf der <a href=\"http:\/\/aargauer-offiziersgesellschaft.ch\/?page_id=760\" target=\"_blank\">Webseite der AOG<\/a>.<\/li>\n<li>Mit dem n\u00e4chsten Versand von Ende Mai werden wir wiederum ein <strong>Adressverzeichnis<\/strong> beilegen. Wir danken allen, die ihr Adressaktualisierungsblatt ausgef\u00fcllt und rechtzeitig zur\u00fcck geschickt und einer Publikation zugestimmt haben.<\/li>\n<\/ul>\n","protected":false},"excerpt":{"rendered":"<p>Am 30. April 2013 hat sich der Vorstand zum ersten Mal in der neuen Zusammensetzung zusammengefunden und u.a. folgende Punkte besprochen: Aus der Vereinsversammlung 2013 wurden Konsequenzen f\u00fcr das n\u00e4chste Mal abgeleitet. Das Programm wird grunds\u00e4tzlich gleich bleiben. Wir versuchen &hellip; <a href=\"https:\/\/fricktaleroffiziere.ch\/?p=3826\">Weiterlesen <span class=\"meta-nav\">&rarr;<\/span><\/a><\/p>\n","protected":false},"author":28,"featured_media":0,"comment_status":"open","ping_status":"open","sticky":false,"template":"","format":"standard","meta":{"_monsterinsights_skip_tracking":false,"_monsterinsights_sitenote_active":false,"_monsterinsights_sitenote_note":"","_monsterinsights_sitenote_category":0,"_s2mail":"yes","footnotes":""},"categories":[282,45],"tags":[334,319],"class_list":["post-3826","post","type-post","status-publish","format-standard","hentry","category-282","category-vorstand","tag-og-brugg","tag-vorstand"],"_links":{"self":[{"href":"https:\/\/fricktaleroffiziere.ch\/index.php?rest_route=\/wp\/v2\/posts\/3826","targetHints":{"allow":["GET"]}}],"collection":[{"href":"https:\/\/fricktaleroffiziere.ch\/index.php?rest_route=\/wp\/v2\/posts"}],"about":[{"href":"https:\/\/fricktaleroffiziere.ch\/index.php?rest_route=\/wp\/v2\/types\/post"}],"author":[{"embeddable":true,"href":"https:\/\/fricktaleroffiziere.ch\/index.php?rest_route=\/wp\/v2\/users\/28"}],"replies":[{"embeddable":true,"href":"https:\/\/fricktaleroffiziere.ch\/index.php?rest_route=%2Fwp%2Fv2%2Fcomments&post=3826"}],"version-history":[{"count":4,"href":"https:\/\/fricktaleroffiziere.ch\/index.php?rest_route=\/wp\/v2\/posts\/3826\/revisions"}],"predecessor-version":[{"id":3828,"href":"https:\/\/fricktaleroffiziere.ch\/index.php?rest_route=\/wp\/v2\/posts\/3826\/revisions\/3828"}],"wp:attachment":[{"href":"https:\/\/fricktaleroffiziere.ch\/index.php?rest_route=%2Fwp%2Fv2%2Fmedia&parent=3826"}],"wp:term":[{"taxonomy":"category","embeddable":true,"href":"https:\/\/fricktaleroffiziere.ch\/index.php?rest_route=%2Fwp%2Fv2%2Fcategories&post=3826"},{"taxonomy":"post_tag","embeddable":true,"href":"https:\/\/fricktaleroffiziere.ch\/index.php?rest_route=%2Fwp%2Fv2%2Ftags&post=3826"}],"curies":[{"name":"wp","href":"https:\/\/api.w.org\/{rel}","templated":true}]}}