{"id":3865,"date":"2013-07-11T09:35:24","date_gmt":"2013-07-11T19:35:16","guid":{"rendered":"http:\/\/fricktaleroffiziere.ch\/?p=3865"},"modified":"2015-12-06T22:31:16","modified_gmt":"2015-12-06T20:31:16","slug":"arbeitsbericht-des-vorstands-ruckblick-bierwurst-rapport","status":"publish","type":"post","link":"https:\/\/fricktaleroffiziere.ch\/?p=3865","title":{"rendered":"Arbeitsbericht des Vorstands \/ R\u00fcckblick &#8220;Bier&amp;Wurst-Rapport&#8221;"},"content":{"rendered":"<p>Im schattigen Gartenrestaurant Feldschl\u00f6sschen in Rheinfelden hat der Vorstand gestern Abend, 10.7.13 zu seiner Sommersitzung zusammengefunden. Einige der behandelten Themen waren:<\/p>\n<ul>\n<li><span style=\"line-height: 16px\">Aktivit\u00e4ten rund um die Abstimmung \u00fcber die &#8220;<a href=\"http:\/\/unsicherheits-initiative-nein.ch\" target=\"_blank\"><strong>Unsicherheits-Initiative<\/strong><\/a>&#8221; der GSoA (Abschaffung der Wehrpflicht). Die uns bekannten Offiziere im Fricktal erhalten Anfang August Werbematerial f\u00fcr den Eigengebrauch, u.a. Flyer, Kleber, Postkarten. Die Aktivit\u00e4ten werden im Fricktal durch Hermann Herzog koordiniert. <!--more-->Neben Plakaten auf privatem Grund sind Standaktionen geplant. Dies geschieht in Absprache mit den politischen Parteien. Wer sich im Fricktal aktiv einbringen will, meldet sich beim Pr\u00e4sidenten.<\/span><\/li>\n<li>Die FOG hat der AOG den von der Vereinsversammlung verabschiedeten <strong>Unterst\u00fctzungsbeitrag<\/strong> \u00fcberwiesen. Die FOG ist damit die erste Sektion, welche den finanziellen Verpflichtungen vollumf\u00e4nglich nachkommt.<\/li>\n<li>Der Pr\u00e4sident hat sich Anfang Juni mit dem neuen Pr\u00e4sidenten der <strong>OGBB<\/strong>, Oberstlt Carl-Gustav Mez, getroffen, um die Veranstaltungen und den Informationsaustausch mit der OGBB zu diskutieren. Es wurde auch die Idee angeregt, einen gemeinsamen Anlass auf dem Rhein durchzuf\u00fchren.<\/li>\n<li>Der Vorstand hat entschieden, das <strong>Fricktaler Offiziers-<a href=\"http:\/\/aargauer-offiziersgesellschaft.ch\/?p=843\" target=\"_blank\">Wettschiessen<\/a><\/strong> im n\u00e4chsten Jahr wieder durchzuf\u00fchren. Als Datum wurde der 3. Mai 2014 festgelegt.<\/li>\n<li>An den <strong>Orientierungstagen<\/strong> f\u00fcr angehende Rekruten in Aarau wird die FOG mit zwei Offizieren vor Ort dabei sein. Es geht darum, in den Pausen den jungen B\u00fcrgern das Thema &#8220;Kaderlaufbahn&#8221; n\u00e4her zu bringen.<\/li>\n<\/ul>\n<div id=\"attachment_3869\" style=\"width: 198px\" class=\"wp-caption alignleft\"><img loading=\"lazy\" decoding=\"async\" aria-describedby=\"caption-attachment-3869\" class=\" wp-image-3869 \" alt=\"20130710_Sdt\" src=\"http:\/\/fricktaleroffiziere.ch\/wp-content\/uploads\/2013\/07\/20130710_Sdt-768x1024.jpg\" width=\"188\" height=\"251\" srcset=\"https:\/\/fricktaleroffiziere.ch\/wp-content\/uploads\/2013\/07\/20130710_Sdt-768x1024.jpg 768w, https:\/\/fricktaleroffiziere.ch\/wp-content\/uploads\/2013\/07\/20130710_Sdt-225x300.jpg 225w\" sizes=\"auto, (max-width: 188px) 100vw, 188px\" \/><p id=\"caption-attachment-3869\" class=\"wp-caption-text\">Werbung von Feldschl\u00f6sschen im M\u00e4nner-WC<\/p><\/div>\n<p>Im Anschluss an die Sitzung fand der erste &#8220;Bier&amp;Wurst-Rapport&#8221; statt. 11 Offiziere aller Altersklassen fanden sich dazu in Rheinfelden ein und genossen einen gem\u00fctlichen Abend bei Speis und Bier oder bier\u00e4hnlichen Getr\u00e4nken sowie angeregten Diskussionen.<\/p>\n<p>Der n\u00e4chste Quartalsrapport findet am Mittwoch Abend, 9. Oktober 2013 im Oberen Fricktal statt. Das Thema: &#8220;J\u00e4ger&#8221;.<\/p>\n<p>&nbsp;<\/p>\n","protected":false},"excerpt":{"rendered":"<p>Im schattigen Gartenrestaurant Feldschl\u00f6sschen in Rheinfelden hat der Vorstand gestern Abend, 10.7.13 zu seiner Sommersitzung zusammengefunden. Einige der behandelten Themen waren: Aktivit\u00e4ten rund um die Abstimmung \u00fcber die &#8220;Unsicherheits-Initiative&#8221; der GSoA (Abschaffung der Wehrpflicht). Die uns bekannten Offiziere im Fricktal &hellip; <a href=\"https:\/\/fricktaleroffiziere.ch\/?p=3865\">Weiterlesen <span class=\"meta-nav\">&rarr;<\/span><\/a><\/p>\n","protected":false},"author":28,"featured_media":0,"comment_status":"open","ping_status":"open","sticky":false,"template":"","format":"standard","meta":{"_monsterinsights_skip_tracking":false,"_monsterinsights_sitenote_active":false,"_monsterinsights_sitenote_note":"","_monsterinsights_sitenote_category":0,"_s2mail":"yes","footnotes":""},"categories":[282,53,48],"tags":[336,320,319,329],"class_list":["post-3865","post","type-post","status-publish","format-standard","hentry","category-282","category-fog","category-veranstaltungen","tag-ogbb","tag-veranstaltungen","tag-vorstand","tag-wehrpflicht"],"_links":{"self":[{"href":"https:\/\/fricktaleroffiziere.ch\/index.php?rest_route=\/wp\/v2\/posts\/3865","targetHints":{"allow":["GET"]}}],"collection":[{"href":"https:\/\/fricktaleroffiziere.ch\/index.php?rest_route=\/wp\/v2\/posts"}],"about":[{"href":"https:\/\/fricktaleroffiziere.ch\/index.php?rest_route=\/wp\/v2\/types\/post"}],"author":[{"embeddable":true,"href":"https:\/\/fricktaleroffiziere.ch\/index.php?rest_route=\/wp\/v2\/users\/28"}],"replies":[{"embeddable":true,"href":"https:\/\/fricktaleroffiziere.ch\/index.php?rest_route=%2Fwp%2Fv2%2Fcomments&post=3865"}],"version-history":[{"count":4,"href":"https:\/\/fricktaleroffiziere.ch\/index.php?rest_route=\/wp\/v2\/posts\/3865\/revisions"}],"predecessor-version":[{"id":4053,"href":"https:\/\/fricktaleroffiziere.ch\/index.php?rest_route=\/wp\/v2\/posts\/3865\/revisions\/4053"}],"wp:attachment":[{"href":"https:\/\/fricktaleroffiziere.ch\/index.php?rest_route=%2Fwp%2Fv2%2Fmedia&parent=3865"}],"wp:term":[{"taxonomy":"category","embeddable":true,"href":"https:\/\/fricktaleroffiziere.ch\/index.php?rest_route=%2Fwp%2Fv2%2Fcategories&post=3865"},{"taxonomy":"post_tag","embeddable":true,"href":"https:\/\/fricktaleroffiziere.ch\/index.php?rest_route=%2Fwp%2Fv2%2Ftags&post=3865"}],"curies":[{"name":"wp","href":"https:\/\/api.w.org\/{rel}","templated":true}]}}