{"id":3884,"date":"2013-08-20T22:02:59","date_gmt":"2013-08-20T20:02:59","guid":{"rendered":"http:\/\/fricktaleroffiziere.ch\/?p=3884"},"modified":"2013-08-20T22:02:59","modified_gmt":"2013-08-20T20:02:59","slug":"aargauisches-komitee-nein-zur-unsicherheits-initiative","status":"publish","type":"post","link":"https:\/\/fricktaleroffiziere.ch\/?p=3884","title":{"rendered":"Aargauisches Komitee &#8220;Nein zur Unsicherheits-Initiative&#8221;"},"content":{"rendered":"<p>Das \u00fcberparteilichen Komitee \u201eNein zur Unsicherheits-Inititative\u201c hat die Kampagne gegen die Initiative zur Abschaffung der Wehrpflicht im Kanton Aargau lanciert.<\/p>\n<p>Wir lehnen diese Initiative ab. Sie ist ein Angriff auf das Erfolgsmodell Schweiz. Eine Freiwilligenarmee w\u00e4re teuer und viel zu klein, um die Aufgaben der Armee zu erf\u00fcllen. Sie f\u00fchrt zu einer Schw\u00e4chung der Armee und letztendlich zur schrittweisen Abschaffung.<\/p>\n<p>Mit zahlreichen Standaktionen, Podien und Informationen in allen Regionen des Kantons, wollen wir die Stimmb\u00fcrgerinnen und Stimmb\u00fcrger informieren und aufkl\u00e4ren warum die Initiative f\u00fcr die Schweiz sch\u00e4dlich ist.<\/p>\n","protected":false},"excerpt":{"rendered":"<p>Das \u00fcberparteilichen Komitee \u201eNein zur Unsicherheits-Inititative\u201c hat die Kampagne gegen die Initiative zur Abschaffung der Wehrpflicht im Kanton Aargau lanciert. Wir lehnen diese Initiative ab. Sie ist ein Angriff auf das Erfolgsmodell Schweiz. Eine Freiwilligenarmee w\u00e4re teuer und viel zu &hellip; <a href=\"https:\/\/fricktaleroffiziere.ch\/?p=3884\">Weiterlesen <span class=\"meta-nav\">&rarr;<\/span><\/a><\/p>\n","protected":false},"author":25,"featured_media":0,"comment_status":"open","ping_status":"open","sticky":false,"template":"","format":"standard","meta":{"_monsterinsights_skip_tracking":false,"_monsterinsights_sitenote_active":false,"_monsterinsights_sitenote_note":"","_monsterinsights_sitenote_category":0,"_s2mail":"yes","footnotes":""},"categories":[212,75,102],"tags":[340,329],"class_list":["post-3884","post","type-post","status-publish","format-standard","hentry","category-abstimmungen","category-aog","category-politik","tag-politik","tag-wehrpflicht"],"_links":{"self":[{"href":"https:\/\/fricktaleroffiziere.ch\/index.php?rest_route=\/wp\/v2\/posts\/3884","targetHints":{"allow":["GET"]}}],"collection":[{"href":"https:\/\/fricktaleroffiziere.ch\/index.php?rest_route=\/wp\/v2\/posts"}],"about":[{"href":"https:\/\/fricktaleroffiziere.ch\/index.php?rest_route=\/wp\/v2\/types\/post"}],"author":[{"embeddable":true,"href":"https:\/\/fricktaleroffiziere.ch\/index.php?rest_route=\/wp\/v2\/users\/25"}],"replies":[{"embeddable":true,"href":"https:\/\/fricktaleroffiziere.ch\/index.php?rest_route=%2Fwp%2Fv2%2Fcomments&post=3884"}],"version-history":[{"count":1,"href":"https:\/\/fricktaleroffiziere.ch\/index.php?rest_route=\/wp\/v2\/posts\/3884\/revisions"}],"predecessor-version":[{"id":3885,"href":"https:\/\/fricktaleroffiziere.ch\/index.php?rest_route=\/wp\/v2\/posts\/3884\/revisions\/3885"}],"wp:attachment":[{"href":"https:\/\/fricktaleroffiziere.ch\/index.php?rest_route=%2Fwp%2Fv2%2Fmedia&parent=3884"}],"wp:term":[{"taxonomy":"category","embeddable":true,"href":"https:\/\/fricktaleroffiziere.ch\/index.php?rest_route=%2Fwp%2Fv2%2Fcategories&post=3884"},{"taxonomy":"post_tag","embeddable":true,"href":"https:\/\/fricktaleroffiziere.ch\/index.php?rest_route=%2Fwp%2Fv2%2Ftags&post=3884"}],"curies":[{"name":"wp","href":"https:\/\/api.w.org\/{rel}","templated":true}]}}