{"id":3888,"date":"2013-10-05T09:07:00","date_gmt":"2013-10-05T19:06:59","guid":{"rendered":"http:\/\/fricktaleroffiziere.ch\/?p=3888"},"modified":"2017-01-06T15:56:35","modified_gmt":"2017-01-06T14:56:35","slug":"orientierungstage-neu-zentral-in-aarau","status":"publish","type":"post","link":"https:\/\/fricktaleroffiziere.ch\/?p=3888","title":{"rendered":"Orientierungstage: Neu zentral in Aarau"},"content":{"rendered":"<p>Seit diesem Jahr finden die Orientierungstage im Aargau zentral beim Kreiskommando in Aarau statt. F\u00fcr die Durchf\u00fchrung von \u00fcber 60 Orientierungstagen mit jeweils gegen 50 stellungspflichtigen Jungb\u00fcrgern und interessierten Jungb\u00fcrgerinnen ist eine straffe Organisation n\u00f6tig. Unter F\u00fchrung des Sachbereichsleiters Orientierungstage, Fachof Marco Isenschmid, erhalten die Teilnehmenden von vier Klassenlehrern kompetent alle notwendigen Informationen, einen ersten Einblick in das Leben im Milit\u00e4r und das n\u00f6tige R\u00fcstzeug f\u00fcr die zweit\u00e4gige Rekrutierung.<!--more--><\/p>\n<p><em>von Stephan Benz<\/em><\/p>\n<p>Am Vormittag wurde den Teilnehmern von den Klassenlehrern die Aufgabe und Funktion der Armee aufgezeigt. Mittels kleiner Gruppenarbeiten wurden die m\u00f6glichen milit\u00e4rischen Funktionen und Dienstmodelle gegenseitig vorgestellt. Als Highlight kann sicher der Besuch der Kaserne Aarau bezeichnet werden. Nebst Besichtigung der Kaserne (inkl. Zimmer und sanit\u00e4re Einrichtungen) durfte ein erstes Mal an der Fassstrasse angestanden und milit\u00e4risch verpflegt werden.<\/p>\n<p>Gest\u00e4rkt folgte am Nachmittag eine detaillierte Erl\u00e4uterung zur Rekrutierung f\u00fcr Armee, Zivildienst und Zivilschutz. Kernbotschaft der Klassenlehrer war, dass sich die Stellungspflichtigen eine m\u00f6glichst gute Ausgangssituation f\u00fcr die Rekrutierung schaffen k\u00f6nnen, indem sie sich bereits m\u00f6gliche Wunschfunktionen und Alternativen definieren. Auf erste formelle Arbeiten und Einzelgespr\u00e4che folgte der Schlussrapport durch den Kursleiter.<\/p>\n<p>In den Pausen und \u00fcber Mittag konnte ich mit vielen Stellungspflichtigen \u00fcber die Armee diskutieren. Erfreut haben mich das generelle Interesse an den m\u00f6glichen Funktionen und die Neugier bez\u00fcglich meiner pers\u00f6nlichen Kaderlaufbahn und den daraus resultierenden positiven wie auch negativen Erfahrungen. Spannend waren die verschiedensten Beweggr\u00fcnde, weshalb Stellungspflichtige eher zu Milit\u00e4r, Zivilschutz, Zivildienst oder keiner Dienstleistung tendieren.<\/p>\n<p>Zusammenfassend kann festgehalten werden, dass der neu zentral durchgef\u00fchrte Orientierungstag eine wertvolle Grundlage f\u00fcr die Stellungspflichtigen ist, welcher mit modernen Hilfsmitteln und abwechslungsreichem Aufbau sehr kurzweilig gestaltet wurde. Pers\u00f6nlich h\u00e4tte ich mir dazumal einen Orientierungstag nach diesem Modell gew\u00fcnscht.<\/p>\n","protected":false},"excerpt":{"rendered":"<p>Seit diesem Jahr finden die Orientierungstage im Aargau zentral beim Kreiskommando in Aarau statt. F\u00fcr die Durchf\u00fchrung von \u00fcber 60 Orientierungstagen mit jeweils gegen 50 stellungspflichtigen Jungb\u00fcrgern und interessierten Jungb\u00fcrgerinnen ist eine straffe Organisation n\u00f6tig. Unter F\u00fchrung des Sachbereichsleiters Orientierungstage, &hellip; <a href=\"https:\/\/fricktaleroffiziere.ch\/?p=3888\">Weiterlesen <span class=\"meta-nav\">&rarr;<\/span><\/a><\/p>\n","protected":false},"author":28,"featured_media":0,"comment_status":"open","ping_status":"open","sticky":false,"template":"","format":"standard","meta":{"_monsterinsights_skip_tracking":false,"_monsterinsights_sitenote_active":false,"_monsterinsights_sitenote_note":"","_monsterinsights_sitenote_category":0,"_s2mail":"yes","footnotes":""},"categories":[282,123],"tags":[68,286],"class_list":["post-3888","post","type-post","status-publish","format-standard","hentry","category-282","category-ausbildung","tag-laufbahn","tag-orientierungstag"],"_links":{"self":[{"href":"https:\/\/fricktaleroffiziere.ch\/index.php?rest_route=\/wp\/v2\/posts\/3888","targetHints":{"allow":["GET"]}}],"collection":[{"href":"https:\/\/fricktaleroffiziere.ch\/index.php?rest_route=\/wp\/v2\/posts"}],"about":[{"href":"https:\/\/fricktaleroffiziere.ch\/index.php?rest_route=\/wp\/v2\/types\/post"}],"author":[{"embeddable":true,"href":"https:\/\/fricktaleroffiziere.ch\/index.php?rest_route=\/wp\/v2\/users\/28"}],"replies":[{"embeddable":true,"href":"https:\/\/fricktaleroffiziere.ch\/index.php?rest_route=%2Fwp%2Fv2%2Fcomments&post=3888"}],"version-history":[{"count":2,"href":"https:\/\/fricktaleroffiziere.ch\/index.php?rest_route=\/wp\/v2\/posts\/3888\/revisions"}],"predecessor-version":[{"id":3891,"href":"https:\/\/fricktaleroffiziere.ch\/index.php?rest_route=\/wp\/v2\/posts\/3888\/revisions\/3891"}],"wp:attachment":[{"href":"https:\/\/fricktaleroffiziere.ch\/index.php?rest_route=%2Fwp%2Fv2%2Fmedia&parent=3888"}],"wp:term":[{"taxonomy":"category","embeddable":true,"href":"https:\/\/fricktaleroffiziere.ch\/index.php?rest_route=%2Fwp%2Fv2%2Fcategories&post=3888"},{"taxonomy":"post_tag","embeddable":true,"href":"https:\/\/fricktaleroffiziere.ch\/index.php?rest_route=%2Fwp%2Fv2%2Ftags&post=3888"}],"curies":[{"name":"wp","href":"https:\/\/api.w.org\/{rel}","templated":true}]}}