{"id":3900,"date":"2013-10-11T12:22:59","date_gmt":"2013-10-11T10:22:59","guid":{"rendered":"http:\/\/fricktaleroffiziere.ch\/?p=3900"},"modified":"2013-10-11T12:24:13","modified_gmt":"2013-10-11T10:24:13","slug":"rueckblick-auf-den-jaeger-rapport-arbeitsbericht-des-vorstands","status":"publish","type":"post","link":"https:\/\/fricktaleroffiziere.ch\/?p=3900","title":{"rendered":"R\u00fcckblick auf den J\u00e4ger-Rapport \/ Arbeitsbericht des Vorstands"},"content":{"rendered":"<div style=\"width: 265px\" class=\"wp-caption alignleft\"><a href=\"http:\/\/fricktaleroffiziere.ch\/wp-content\/uploads\/2013\/10\/Wildsau.png\"><img loading=\"lazy\" decoding=\"async\" alt=\"Wildsau\" src=\"http:\/\/fricktaleroffiziere.ch\/wp-content\/uploads\/2013\/10\/Wildsau.png\" width=\"255\" height=\"303\" \/><\/a><p class=\"wp-caption-text\">Ein passendes Maskottchen f\u00fcr den Abend<\/p><\/div>\n<p style=\"text-align: left;\"><a href=\"http:\/\/fricktaleroffiziere.ch\/wp-content\/uploads\/2013\/10\/Wildsau.png\"><br \/>\n<\/a>Im L\u00f6wen in Herznach trafen sich am Mittwoch Abend, 9. Oktober 2013 Mitglieder der FOG zum ersten &#8220;J\u00e4ger-Rapport&#8221;. \u00a0Zu Beginn konnte der Pr\u00e4sident den Bef\u00f6rderten gratulieren und Hermann Herzog, dem Leiter der Kampagne gegen die Unsicherheits-Initiative im Fricktal, f\u00fcr seine Arbeit danken. Mit 76,2% (Bezirk Rheinfelden) und 80,1% (Bezirk Laufenburg) liegt das Ergebnis deutlich \u00fcber dem eidgen\u00f6ssischen Resultat.\u00a0<a href=\"http:\/\/fricktaleroffiziere.ch\/wp-content\/uploads\/2013\/10\/Wildsau.png\"><br \/>\n<\/a><\/p>\n<p style=\"text-align: left;\">Mit einem kurzen R\u00fcckblick auf die Aktivit\u00e4ten der FOG der letzten drei Monate (S\u00e4ulenhausrapport, Orientierungstage) und die Session der Eidgen\u00f6ssischen R\u00e4te (&#8220;Gripen&#8221;) sowie einem Ausblick auf die anstehenden Gesch\u00e4fte (&#8220;WEA&#8221;, Gripen-Referendum) schloss der Pr\u00e4sident seine Ausf\u00fchrungen.<!--more--><\/p>\n<p style=\"text-align: left;\">Der Delegierte f\u00fcr die Organisation des Abends, Oberst Isidor B\u00fcrgi, hat anschliessend in einem eindr\u00fccklichen Referat verschiedene Aspekte des Jadgwesens und der J\u00e4ger ausgeleuchtet: Von der Geschichte \u00fcber die Verbindung zum Wehrwesen (&#8220;Gebirgsj\u00e4ger&#8221;, &#8220;Panzerj\u00e4ger&#8221;, &#8220;Fallschirmj\u00e4ger&#8221;), dem Jadgrevier und der Jagdstatistik im Aargau, den J\u00e4gerwitzen bis hin zum J\u00e4gerlatein.<\/p>\n<div style=\"width: 458px\" class=\"wp-caption aligncenter\"><img loading=\"lazy\" decoding=\"async\" alt=\"20131009_JRap\" src=\"http:\/\/fricktaleroffiziere.ch\/wp-content\/uploads\/2013\/10\/20131009_JRap-1024x768.jpg\" width=\"448\" height=\"336\" \/><p class=\"wp-caption-text\">Eindr\u00fcckliches und informatives Referat von Oberst B\u00fcrgi<\/p><\/div>\n<p>Bei \u00fcppigem Speis und Trank im Anschluss wurden die verschiedenen Aspekte weiter vertieft. Der Rapport wurde um 2300 beendet.<\/p>\n<p>Vor dem Rapport trat der <strong>Vorstand<\/strong> zusammen. Er nahm Kenntnis, dass die FOG via AOG CHF 4&#8217;000 dem Verein f\u00fcr eine sichere Schweiz \u00fcberwiesen hat und so seinen Verpflichtungen \u00fcber SOLL erf\u00fcllt hat. Der Kassier meldete, dass noch einige Mitgliederbeitr\u00e4ge ausstehend sind. Wir werden die Mitglieder deshalb mahnen. Das Vereinsprogramm f\u00fcr 2014 steht im Entwurf. Eingeleitet wird das Jahr mit dem Fondue-Rapport am Mittwoch, 8. Januar 2014. Details folgen im n\u00e4chsten Versand.<\/p>\n<p>&nbsp;<\/p>\n","protected":false},"excerpt":{"rendered":"<p>Im L\u00f6wen in Herznach trafen sich am Mittwoch Abend, 9. Oktober 2013 Mitglieder der FOG zum ersten &#8220;J\u00e4ger-Rapport&#8221;. \u00a0Zu Beginn konnte der Pr\u00e4sident den Bef\u00f6rderten gratulieren und Hermann Herzog, dem Leiter der Kampagne gegen die Unsicherheits-Initiative im Fricktal, f\u00fcr seine &hellip; <a href=\"https:\/\/fricktaleroffiziere.ch\/?p=3900\">Weiterlesen <span class=\"meta-nav\">&rarr;<\/span><\/a><\/p>\n","protected":false},"author":28,"featured_media":0,"comment_status":"open","ping_status":"open","sticky":false,"template":"","format":"standard","meta":{"_monsterinsights_skip_tracking":false,"_monsterinsights_sitenote_active":false,"_monsterinsights_sitenote_note":"","_monsterinsights_sitenote_category":0,"_s2mail":"yes","footnotes":""},"categories":[282,48,45],"tags":[320,319,329],"class_list":["post-3900","post","type-post","status-publish","format-standard","hentry","category-282","category-veranstaltungen","category-vorstand","tag-veranstaltungen","tag-vorstand","tag-wehrpflicht"],"_links":{"self":[{"href":"https:\/\/fricktaleroffiziere.ch\/index.php?rest_route=\/wp\/v2\/posts\/3900","targetHints":{"allow":["GET"]}}],"collection":[{"href":"https:\/\/fricktaleroffiziere.ch\/index.php?rest_route=\/wp\/v2\/posts"}],"about":[{"href":"https:\/\/fricktaleroffiziere.ch\/index.php?rest_route=\/wp\/v2\/types\/post"}],"author":[{"embeddable":true,"href":"https:\/\/fricktaleroffiziere.ch\/index.php?rest_route=\/wp\/v2\/users\/28"}],"replies":[{"embeddable":true,"href":"https:\/\/fricktaleroffiziere.ch\/index.php?rest_route=%2Fwp%2Fv2%2Fcomments&post=3900"}],"version-history":[{"count":3,"href":"https:\/\/fricktaleroffiziere.ch\/index.php?rest_route=\/wp\/v2\/posts\/3900\/revisions"}],"predecessor-version":[{"id":3904,"href":"https:\/\/fricktaleroffiziere.ch\/index.php?rest_route=\/wp\/v2\/posts\/3900\/revisions\/3904"}],"wp:attachment":[{"href":"https:\/\/fricktaleroffiziere.ch\/index.php?rest_route=%2Fwp%2Fv2%2Fmedia&parent=3900"}],"wp:term":[{"taxonomy":"category","embeddable":true,"href":"https:\/\/fricktaleroffiziere.ch\/index.php?rest_route=%2Fwp%2Fv2%2Fcategories&post=3900"},{"taxonomy":"post_tag","embeddable":true,"href":"https:\/\/fricktaleroffiziere.ch\/index.php?rest_route=%2Fwp%2Fv2%2Ftags&post=3900"}],"curies":[{"name":"wp","href":"https:\/\/api.w.org\/{rel}","templated":true}]}}