{"id":3945,"date":"2014-03-18T21:19:16","date_gmt":"2014-03-18T19:19:16","guid":{"rendered":"http:\/\/fricktaleroffiziere.ch\/?p=3945"},"modified":"2014-03-18T21:19:16","modified_gmt":"2014-03-18T19:19:16","slug":"oberst-i-gst-bernhard-schuetz-vertritt-die-aog-neu-im-vorstand-der-sog","status":"publish","type":"post","link":"https:\/\/fricktaleroffiziere.ch\/?p=3945","title":{"rendered":"Oberst i Gst Bernhard Sch\u00fctz vertritt die AOG neu im Vorstand der SOG"},"content":{"rendered":"<p><b>An der Delegiertenversammlung der schweiz. Offiziersgesellschaft (SOG) vom Samstag, 15. M\u00e4rz 2014 wurde Oberst i Gst Bernhard Sch\u00fctz in den SOG-Vorstand gew\u00e4hlt. Die SOG hat die Reihen geschlossen und einstimmig die Ja-Parole zur Gripen-Vorlage vom 18. Mai 2014 beschlossen.<\/b><\/p>\n<p>Die Aarg. Offiziersgesellschaft (AOG) hat ihr drittes Ziel f\u00fcr die Periode 2012-15 erreicht: Es lautete \u201edas Gewicht der AOG in der SOG erh\u00f6hen\u201c. Als drittgr\u00f6sste Offiziersgesellschaft der Schweiz ist die AOG nun mit Oberst i Gst Bernhard Sch\u00fctz endlich wieder im SOG-Vorstand und mit Oberst i Gst Daniel Heller weiterhin in der Kommission ASMZ vertreten.<\/p>\n","protected":false},"excerpt":{"rendered":"<p>An der Delegiertenversammlung der schweiz. Offiziersgesellschaft (SOG) vom Samstag, 15. M\u00e4rz 2014 wurde Oberst i Gst Bernhard Sch\u00fctz in den SOG-Vorstand gew\u00e4hlt. Die SOG hat die Reihen geschlossen und einstimmig die Ja-Parole zur Gripen-Vorlage vom 18. Mai 2014 beschlossen. Die &hellip; <a href=\"https:\/\/fricktaleroffiziere.ch\/?p=3945\">Weiterlesen <span class=\"meta-nav\">&rarr;<\/span><\/a><\/p>\n","protected":false},"author":25,"featured_media":0,"comment_status":"open","ping_status":"open","sticky":false,"template":"","format":"standard","meta":{"_monsterinsights_skip_tracking":false,"_monsterinsights_sitenote_active":false,"_monsterinsights_sitenote_note":"","_monsterinsights_sitenote_category":0,"_s2mail":"yes","footnotes":""},"categories":[302,75,54],"tags":[125,322],"class_list":["post-3945","post","type-post","status-publish","format-standard","hentry","category-302","category-aog","category-sog","tag-gripen","tag-sog"],"_links":{"self":[{"href":"https:\/\/fricktaleroffiziere.ch\/index.php?rest_route=\/wp\/v2\/posts\/3945","targetHints":{"allow":["GET"]}}],"collection":[{"href":"https:\/\/fricktaleroffiziere.ch\/index.php?rest_route=\/wp\/v2\/posts"}],"about":[{"href":"https:\/\/fricktaleroffiziere.ch\/index.php?rest_route=\/wp\/v2\/types\/post"}],"author":[{"embeddable":true,"href":"https:\/\/fricktaleroffiziere.ch\/index.php?rest_route=\/wp\/v2\/users\/25"}],"replies":[{"embeddable":true,"href":"https:\/\/fricktaleroffiziere.ch\/index.php?rest_route=%2Fwp%2Fv2%2Fcomments&post=3945"}],"version-history":[{"count":1,"href":"https:\/\/fricktaleroffiziere.ch\/index.php?rest_route=\/wp\/v2\/posts\/3945\/revisions"}],"predecessor-version":[{"id":3946,"href":"https:\/\/fricktaleroffiziere.ch\/index.php?rest_route=\/wp\/v2\/posts\/3945\/revisions\/3946"}],"wp:attachment":[{"href":"https:\/\/fricktaleroffiziere.ch\/index.php?rest_route=%2Fwp%2Fv2%2Fmedia&parent=3945"}],"wp:term":[{"taxonomy":"category","embeddable":true,"href":"https:\/\/fricktaleroffiziere.ch\/index.php?rest_route=%2Fwp%2Fv2%2Fcategories&post=3945"},{"taxonomy":"post_tag","embeddable":true,"href":"https:\/\/fricktaleroffiziere.ch\/index.php?rest_route=%2Fwp%2Fv2%2Ftags&post=3945"}],"curies":[{"name":"wp","href":"https:\/\/api.w.org\/{rel}","templated":true}]}}