{"id":3948,"date":"2014-03-23T11:17:09","date_gmt":"2014-03-23T09:17:08","guid":{"rendered":"http:\/\/fricktaleroffiziere.ch\/?p=3948"},"modified":"2014-09-05T14:35:26","modified_gmt":"2014-09-05T12:35:26","slug":"rueckblick-auf-die-vereinsversammlung-2014","status":"publish","type":"post","link":"https:\/\/fricktaleroffiziere.ch\/?p=3948","title":{"rendered":"R\u00fcckblick auf die Vereinsversammlung 2014"},"content":{"rendered":"<p>Tournusgem\u00e4ss fand die Vereinsversammlung 2014 im Oberen Fricktal statt. Am Freitag Abend, 21. M\u00e4rz 2014 fanden sich 23 Mitglieder und G\u00f6nner zusammen mit dem <a href=\"http:\/\/aargauer-offiziersgesellschaft.ch\/\" target=\"_blank\">Pr\u00e4sidenten der AOG<\/a> und der <a href=\"http:\/\/www.ogbb.ch\/home\/vorstand\/\" target=\"_blank\">OGBB<\/a> im <a href=\"http:\/\/www.loewen-herznach.ch\/\" target=\"_blank\">L\u00f6wen Herznach<\/a> ein. Wiederum die H\u00e4lfte war in Uniform anwesend und unterstrich damit, dass das aktive Offizierskorps gut in der FOG bertreten ist.<\/p>\n<p><strong>Gripen Information<\/strong><br \/>\nNach dem Begr\u00fcssungs-Ap\u00e9ro mit H\u00e4ppchen und Meatballs informierte Oblt Benjamin Jakob von der AVIA Basel \u00fcber die anstehende Gripen-Abstimmung. Faktenreich wurden verschiedene Aspekte der Vorlage ausgeleuchtet. Im Schnelldurchgang haben die Anwesenden n\u00fctzliche Argumente und Hintergrundinformationen erhalten. Vertieft wird am <a href=\"http:\/\/aargauer-offiziersgesellschaft.ch\/?p=976\" target=\"_blank\">5. April 2014 in Aarau informiert<\/a>.<!--more--><\/p>\n<p>Zum Hauptgang wurde ein Cordon-bleu mit Pommes frites serviert. Vorab gab es einen gr\u00fcnen Salat. Die Gr\u00f6sse des St\u00fccks wurde von einigen Mitgliedern als &#8220;Herausforderung&#8221; klassifiziert.<\/p>\n<p><strong>Willkommen in der FOG, junge Offiziere!<\/strong><br \/>\nEs folgte der offizielle Teil. Hier wurden zun\u00e4cht die neu brevetierten Offiziere begr\u00fcsst und das letzte Protokoll verabschiedet. In seinem <a href=\"http:\/\/fricktaleroffiziere.ch\/?p=3954\" target=\"_blank\">Jahresbericht<\/a> ging der Pr\u00e4sident wie gewohnt nicht nur auf vereinsinterne Punkte ein, sondern startete bei einer globalen Situationsanalyse aus meist finanzpolitischer Sicht und n\u00e4herte sich st\u00fcckweise dem Vereinsjahr.<\/p>\n<p>Der Verein z\u00e4hlt aktuell 82 Aktivmitglieder und 35 G\u00f6nner. Der Pr\u00e4sident verlass die <a href=\"http:\/\/fricktaleroffiziere.ch\/?tag=beforderungen\" target=\"_blank\">Bef\u00f6rderungen<\/a>\u00a0des letzten Jahres. Leider mussten einige Offiziere aus dem Verein ausgeschlossen werden, da die Zahlungsmoral nicht eines Offiziers w\u00fcrdig war. Die Jahresrechnung weist einen erwarteten Verlust aus, hat die FOG doch als einzige Sektion im Aargau den verlangten finanziellen Zustupf zur Wehrpflicht-Abstimmung geleistet.<\/p>\n<p><a href=\"http:\/\/fricktaleroffiziere.ch\/wp-content\/uploads\/2014\/03\/20140322-IMG_5963.jpg\"><img loading=\"lazy\" decoding=\"async\" class=\"aligncenter size-medium wp-image-3951\" alt=\"20140322 IMG_5963\" src=\"http:\/\/fricktaleroffiziere.ch\/wp-content\/uploads\/2014\/03\/20140322-IMG_5963-300x225.jpg\" width=\"300\" height=\"225\" srcset=\"https:\/\/fricktaleroffiziere.ch\/wp-content\/uploads\/2014\/03\/20140322-IMG_5963-300x225.jpg 300w, https:\/\/fricktaleroffiziere.ch\/wp-content\/uploads\/2014\/03\/20140322-IMG_5963-1024x768.jpg 1024w, https:\/\/fricktaleroffiziere.ch\/wp-content\/uploads\/2014\/03\/20140322-IMG_5963-900x675.jpg 900w\" sizes=\"auto, (max-width: 300px) 100vw, 300px\" \/><\/a> <a href=\"http:\/\/fricktaleroffiziere.ch\/wp-content\/uploads\/2014\/03\/20140322-IMG_5958.jpg\"><img loading=\"lazy\" decoding=\"async\" class=\"aligncenter size-medium wp-image-3952\" alt=\"20140322 IMG_5958\" src=\"http:\/\/fricktaleroffiziere.ch\/wp-content\/uploads\/2014\/03\/20140322-IMG_5958-300x225.jpg\" width=\"300\" height=\"225\" srcset=\"https:\/\/fricktaleroffiziere.ch\/wp-content\/uploads\/2014\/03\/20140322-IMG_5958-300x225.jpg 300w, https:\/\/fricktaleroffiziere.ch\/wp-content\/uploads\/2014\/03\/20140322-IMG_5958-1024x768.jpg 1024w, https:\/\/fricktaleroffiziere.ch\/wp-content\/uploads\/2014\/03\/20140322-IMG_5958-900x675.jpg 900w\" sizes=\"auto, (max-width: 300px) 100vw, 300px\" \/><\/a> <a href=\"http:\/\/fricktaleroffiziere.ch\/wp-content\/uploads\/2014\/03\/20140322-IMG_5965.jpg\"><img loading=\"lazy\" decoding=\"async\" class=\"aligncenter size-medium wp-image-3950\" alt=\"20140322 IMG_5965\" src=\"http:\/\/fricktaleroffiziere.ch\/wp-content\/uploads\/2014\/03\/20140322-IMG_5965-300x225.jpg\" width=\"300\" height=\"225\" srcset=\"https:\/\/fricktaleroffiziere.ch\/wp-content\/uploads\/2014\/03\/20140322-IMG_5965-300x225.jpg 300w, https:\/\/fricktaleroffiziere.ch\/wp-content\/uploads\/2014\/03\/20140322-IMG_5965-1024x768.jpg 1024w, https:\/\/fricktaleroffiziere.ch\/wp-content\/uploads\/2014\/03\/20140322-IMG_5965-900x675.jpg 900w\" sizes=\"auto, (max-width: 300px) 100vw, 300px\" \/><\/a> <a href=\"http:\/\/fricktaleroffiziere.ch\/wp-content\/uploads\/2014\/03\/20140322-IMG_5960.jpg\"><img loading=\"lazy\" decoding=\"async\" class=\"aligncenter size-medium wp-image-3949\" alt=\"20140322 IMG_5960\" src=\"http:\/\/fricktaleroffiziere.ch\/wp-content\/uploads\/2014\/03\/20140322-IMG_5960-300x225.jpg\" width=\"300\" height=\"225\" srcset=\"https:\/\/fricktaleroffiziere.ch\/wp-content\/uploads\/2014\/03\/20140322-IMG_5960-300x225.jpg 300w, https:\/\/fricktaleroffiziere.ch\/wp-content\/uploads\/2014\/03\/20140322-IMG_5960-1024x768.jpg 1024w, https:\/\/fricktaleroffiziere.ch\/wp-content\/uploads\/2014\/03\/20140322-IMG_5960-900x675.jpg 900w\" sizes=\"auto, (max-width: 300px) 100vw, 300px\" \/><\/a><\/p>\n<p>Wie jedes Jahr werden alle Chargen gew\u00e4hlt. Die bisherigen Vorstandsmitglieder wurden alle wiedergew\u00e4hlt. Neu erg\u00e4nzt\u00a0<a href=\"http:\/\/fricktaleroffiziere.ch\/?p=3693\" target=\"_blank\">Oberst Peter Balzer<\/a> den Vorstand.<\/p>\n<p><strong>Vielf\u00e4ltiges Vereinsprogramm 2014<\/strong><br \/>\nDas Vereinsprogramm 2014 verspricht nicht nur Bew\u00e4hrtes sondern auch viele Schnittpunkte zu anderen Offiziersgesellschaften. Besonders erw\u00e4hnenswert ist der gemeinsame Anlass mit der OG Brugg auf dem B\u00f6zberg am 19. Juni 2014. Die FOG wird mit einer oder sogar zwei Teams am Internationalen Schiesswettbewerb in Eschbach teilnehmen. Der Pr\u00e4sident hat auf weitere Veranstaltungen hingewiesen. Eine \u00dcbersicht liegt <a href=\"http:\/\/fricktaleroffiziere.ch\/?page_id=1453\" target=\"_blank\">auf unserer Website<\/a> und auf <a href=\"http:\/\/iOfApp.ch\" target=\"_blank\">iOf<\/a> bereit. Einmal mehr der Hinweis, dass sich die Veranstaltungen direkt in die elektronischen Kalender integrieren lassen.<\/p>\n<p>Zum Schluss ergriffen die beiden G\u00e4ste, Oberstlt i Gst Dieter Wicki (Pr\u00e4sident AOG) und Oberstlt Carl-Gustav Mez (Pr\u00e4sident OGBB) das Wort. Zum endg\u00fcltigen Abschluss wurde noch ein Caramel-K\u00f6pfli serviert.<\/p>\n<p>Die n\u00e4chste Vereinsversammlung findet am Freitag, 20. M\u00e4rz 2015 im unteren Fricktal statt.<\/p>\n","protected":false},"excerpt":{"rendered":"<p>Tournusgem\u00e4ss fand die Vereinsversammlung 2014 im Oberen Fricktal statt. Am Freitag Abend, 21. M\u00e4rz 2014 fanden sich 23 Mitglieder und G\u00f6nner zusammen mit dem Pr\u00e4sidenten der AOG und der OGBB im L\u00f6wen Herznach ein. Wiederum die H\u00e4lfte war in Uniform &hellip; <a href=\"https:\/\/fricktaleroffiziere.ch\/?p=3948\">Weiterlesen <span class=\"meta-nav\">&rarr;<\/span><\/a><\/p>\n","protected":false},"author":28,"featured_media":0,"comment_status":"open","ping_status":"open","sticky":false,"template":"","format":"standard","meta":{"_monsterinsights_skip_tracking":false,"_monsterinsights_sitenote_active":false,"_monsterinsights_sitenote_note":"","_monsterinsights_sitenote_category":0,"_s2mail":"yes","footnotes":""},"categories":[302],"tags":[125,320,69,319],"class_list":["post-3948","post","type-post","status-publish","format-standard","hentry","category-302","tag-gripen","tag-veranstaltungen","tag-vereinsversammlung","tag-vorstand"],"_links":{"self":[{"href":"https:\/\/fricktaleroffiziere.ch\/index.php?rest_route=\/wp\/v2\/posts\/3948","targetHints":{"allow":["GET"]}}],"collection":[{"href":"https:\/\/fricktaleroffiziere.ch\/index.php?rest_route=\/wp\/v2\/posts"}],"about":[{"href":"https:\/\/fricktaleroffiziere.ch\/index.php?rest_route=\/wp\/v2\/types\/post"}],"author":[{"embeddable":true,"href":"https:\/\/fricktaleroffiziere.ch\/index.php?rest_route=\/wp\/v2\/users\/28"}],"replies":[{"embeddable":true,"href":"https:\/\/fricktaleroffiziere.ch\/index.php?rest_route=%2Fwp%2Fv2%2Fcomments&post=3948"}],"version-history":[{"count":3,"href":"https:\/\/fricktaleroffiziere.ch\/index.php?rest_route=\/wp\/v2\/posts\/3948\/revisions"}],"predecessor-version":[{"id":3957,"href":"https:\/\/fricktaleroffiziere.ch\/index.php?rest_route=\/wp\/v2\/posts\/3948\/revisions\/3957"}],"wp:attachment":[{"href":"https:\/\/fricktaleroffiziere.ch\/index.php?rest_route=%2Fwp%2Fv2%2Fmedia&parent=3948"}],"wp:term":[{"taxonomy":"category","embeddable":true,"href":"https:\/\/fricktaleroffiziere.ch\/index.php?rest_route=%2Fwp%2Fv2%2Fcategories&post=3948"},{"taxonomy":"post_tag","embeddable":true,"href":"https:\/\/fricktaleroffiziere.ch\/index.php?rest_route=%2Fwp%2Fv2%2Ftags&post=3948"}],"curies":[{"name":"wp","href":"https:\/\/api.w.org\/{rel}","templated":true}]}}