{"id":3959,"date":"2014-04-06T22:22:47","date_gmt":"2014-04-06T20:22:47","guid":{"rendered":"http:\/\/fricktaleroffiziere.ch\/?p=3959"},"modified":"2014-04-06T22:22:47","modified_gmt":"2014-04-06T20:22:47","slug":"gripen-eine-beschaffung-mit-augenmass","status":"publish","type":"post","link":"https:\/\/fricktaleroffiziere.ch\/?p=3959","title":{"rendered":"Gripen: eine Beschaffung mit Augenmass"},"content":{"rendered":"<p>Die Beschaffung der Gripen-Kampfflugzeuge war am 5.April Thema einer gut besuchten Veranstaltung der aargauischen Offiziersgesellschaft an der Berufsschule Aarau. Nationalr\u00e4tin Corina Eichenberger und Nationalrat Geri M\u00fcller diskutierten engagiert mit Luftfahrt- und Milit\u00e4rexperten und dem Publikum. Man erfuhr, dass j\u00e4hrlich mehrere Hundert Luftpolizei-Eins\u00e4tze n\u00f6tig sind und fragte sich: Wie sollen wir in einer Krise ohne Gripen auskommen? Am 18. Mai stimmen wir \u00fcber die Beschaffung von 22 Gripen-Kampfflugzeuge f\u00fcr 3,126 Mia. Fr. ab \u2013 eine Frage mit weitreichenden Konsequenzen f\u00fcr die Sicherheit der Schweiz.<\/p>\n","protected":false},"excerpt":{"rendered":"<p>Die Beschaffung der Gripen-Kampfflugzeuge war am 5.April Thema einer gut besuchten Veranstaltung der aargauischen Offiziersgesellschaft an der Berufsschule Aarau. Nationalr\u00e4tin Corina Eichenberger und Nationalrat Geri M\u00fcller diskutierten engagiert mit Luftfahrt- und Milit\u00e4rexperten und dem Publikum. Man erfuhr, dass j\u00e4hrlich mehrere &hellip; <a href=\"https:\/\/fricktaleroffiziere.ch\/?p=3959\">Weiterlesen <span class=\"meta-nav\">&rarr;<\/span><\/a><\/p>\n","protected":false},"author":25,"featured_media":0,"comment_status":"open","ping_status":"open","sticky":false,"template":"","format":"standard","meta":{"_monsterinsights_skip_tracking":false,"_monsterinsights_sitenote_active":false,"_monsterinsights_sitenote_note":"","_monsterinsights_sitenote_category":0,"_s2mail":"yes","footnotes":""},"categories":[302],"tags":[125,327,340,62,320],"class_list":["post-3959","post","type-post","status-publish","format-standard","hentry","category-302","tag-gripen","tag-luftwaffe","tag-politik","tag-rustung","tag-veranstaltungen"],"_links":{"self":[{"href":"https:\/\/fricktaleroffiziere.ch\/index.php?rest_route=\/wp\/v2\/posts\/3959","targetHints":{"allow":["GET"]}}],"collection":[{"href":"https:\/\/fricktaleroffiziere.ch\/index.php?rest_route=\/wp\/v2\/posts"}],"about":[{"href":"https:\/\/fricktaleroffiziere.ch\/index.php?rest_route=\/wp\/v2\/types\/post"}],"author":[{"embeddable":true,"href":"https:\/\/fricktaleroffiziere.ch\/index.php?rest_route=\/wp\/v2\/users\/25"}],"replies":[{"embeddable":true,"href":"https:\/\/fricktaleroffiziere.ch\/index.php?rest_route=%2Fwp%2Fv2%2Fcomments&post=3959"}],"version-history":[{"count":1,"href":"https:\/\/fricktaleroffiziere.ch\/index.php?rest_route=\/wp\/v2\/posts\/3959\/revisions"}],"predecessor-version":[{"id":3960,"href":"https:\/\/fricktaleroffiziere.ch\/index.php?rest_route=\/wp\/v2\/posts\/3959\/revisions\/3960"}],"wp:attachment":[{"href":"https:\/\/fricktaleroffiziere.ch\/index.php?rest_route=%2Fwp%2Fv2%2Fmedia&parent=3959"}],"wp:term":[{"taxonomy":"category","embeddable":true,"href":"https:\/\/fricktaleroffiziere.ch\/index.php?rest_route=%2Fwp%2Fv2%2Fcategories&post=3959"},{"taxonomy":"post_tag","embeddable":true,"href":"https:\/\/fricktaleroffiziere.ch\/index.php?rest_route=%2Fwp%2Fv2%2Ftags&post=3959"}],"curies":[{"name":"wp","href":"https:\/\/api.w.org\/{rel}","templated":true}]}}