{"id":4056,"date":"2015-01-12T20:20:44","date_gmt":"2015-01-12T18:20:44","guid":{"rendered":"http:\/\/fricktaleroffiziere.ch\/?p=4056"},"modified":"2015-01-12T20:30:15","modified_gmt":"2015-01-12T18:30:15","slug":"arbeitsbericht-des-vorstands-15","status":"publish","type":"post","link":"https:\/\/fricktaleroffiziere.ch\/?p=4056","title":{"rendered":"Arbeitsbericht des Vorstands"},"content":{"rendered":"<p>Die erste Vorstandssitzung im neuen Jahr ist\u00a0jeweils die intensivste.\u00a0Nach einem reichhaltigen Imbiss beim Verbindungsoffizier OGBB in Wittnau befasste sich der Vorstand am Donnerstag Abend, 8. Januar 2015,\u00a0unter anderem mit folgenden Themen:<\/p>\n<ul>\n<li>Als <strong>AOG-Pr\u00e4sidenten<\/strong> f\u00fcr die Periode 2015-2018 schl\u00e4gt die AOG-Pr\u00e4sidentenkonferenz unser Vorstandsmitglied Oberst Peter Balzer vor. Wir gratulieren ihm zu dieser Nomination. Peter wird deshalb an der n\u00e4chsten Vereinsversammlung als Vorstandsmitglied zur\u00fccktreten, um zeitliche Kapazit\u00e4ten f\u00fcr seine neue Aufgabe frei zu machen.<\/li>\n<li>Die FOG erh\u00e4lt ein (neues? eigenes) <strong>Logo<\/strong>. Der Vorstand hat sich\u00a0in der Endauswahl f\u00fcr folgende Variante ausgesprochen:<!--more-->\n<div id=\"attachment_4057\" style=\"width: 513px\" class=\"wp-caption aligncenter\"><img loading=\"lazy\" decoding=\"async\" aria-describedby=\"caption-attachment-4057\" class=\"wp-image-4057 \" src=\"http:\/\/fricktaleroffiziere.ch\/wp-content\/uploads\/2015\/01\/FOG_Logo_quer-1024x364.png\" alt=\"FOG_Logo_quer\" width=\"503\" height=\"179\" srcset=\"https:\/\/fricktaleroffiziere.ch\/wp-content\/uploads\/2015\/01\/FOG_Logo_quer-1024x364.png 1024w, https:\/\/fricktaleroffiziere.ch\/wp-content\/uploads\/2015\/01\/FOG_Logo_quer-300x107.png 300w, https:\/\/fricktaleroffiziere.ch\/wp-content\/uploads\/2015\/01\/FOG_Logo_quer-900x320.png 900w, https:\/\/fricktaleroffiziere.ch\/wp-content\/uploads\/2015\/01\/FOG_Logo_quer.png 1592w\" sizes=\"auto, (max-width: 503px) 100vw, 503px\" \/><p id=\"caption-attachment-4057\" class=\"wp-caption-text\">Version f\u00fcr Briefschaften<\/p><\/div>\n<p>Das Logo besteht aus einem Lindenblatt auf weisser Fl\u00e4che (als Wappen des alten <a href=\"http:\/\/de.wikipedia.org\/wiki\/Kanton_Fricktal\" target=\"_blank\">Kantons Fricktal<\/a>) und einem schr\u00e4g dar\u00fcber liegenden Offiziersdolch. Das neue Logo wird kontinuierlich in die\u00a0Kommunikationsmitteln integriert.<\/p>\n<div id=\"attachment_4059\" style=\"width: 159px\" class=\"wp-caption alignright\"><a href=\"http:\/\/fricktaleroffiziere.ch\/wp-content\/uploads\/2015\/01\/FOG_Logo_Standarte.png\"><img loading=\"lazy\" decoding=\"async\" aria-describedby=\"caption-attachment-4059\" class=\"wp-image-4059\" src=\"http:\/\/fricktaleroffiziere.ch\/wp-content\/uploads\/2015\/01\/FOG_Logo_Standarte-300x300.png\" alt=\"FOG_Logo_Standarte\" width=\"149\" height=\"149\" srcset=\"https:\/\/fricktaleroffiziere.ch\/wp-content\/uploads\/2015\/01\/FOG_Logo_Standarte-300x300.png 300w, https:\/\/fricktaleroffiziere.ch\/wp-content\/uploads\/2015\/01\/FOG_Logo_Standarte-150x150.png 150w, https:\/\/fricktaleroffiziere.ch\/wp-content\/uploads\/2015\/01\/FOG_Logo_Standarte-1024x1024.png 1024w, https:\/\/fricktaleroffiziere.ch\/wp-content\/uploads\/2015\/01\/FOG_Logo_Standarte-144x144.png 144w, https:\/\/fricktaleroffiziere.ch\/wp-content\/uploads\/2015\/01\/FOG_Logo_Standarte-900x900.png 900w, https:\/\/fricktaleroffiziere.ch\/wp-content\/uploads\/2015\/01\/FOG_Logo_Standarte.png 1186w\" sizes=\"auto, (max-width: 149px) 100vw, 149px\" \/><\/a><p id=\"caption-attachment-4059\" class=\"wp-caption-text\">Version f\u00fcr Stehf\u00e4hnchen<\/p><\/div>\n<p>Der Vorstand hat sich ausserdem f\u00fcr die Anschaffung einer kleinen &#8220;Tisch-Fahne&#8221; ausgesprochen. Die Kosten f\u00fcr eine grosse Fahne oder Standarte erschien dem Vorstand zu hoch. Zur Deckung der Kosten f\u00fcr das neue Logo wie auch das\u00a0Tisch-F\u00e4hnchen sucht der Vorstand Sponsoren. Ein Aufruf wird mit dem Versand der Jahresrechnung an die Mitglieder und G\u00f6nner versendet.<\/li>\n<li>Im Fricktal wohnen rund 3x\u00a0mehr Offiziere als FOG Mitglieder. Das <strong>Mitgliederpotenzial<\/strong> ist noch gross.\u00a0Der Vorstand hat sich entschlossen, allen potenziellen Mitgliedern w\u00e4hrend einem Jahr alle schriftlichen und elektronischen Informationen und Einladungen zukommen zu lassen und\u00a0vor der Vereinsversammlung 2016 die potenziellen Mitglieder telefonisch zu kontaktieren. Die Ergebnisse werden im Fr\u00fchling 2016 vorliegen. Ihre Unterst\u00fctzung ist sehr willkommen.<\/li>\n<li>Die <strong>Jahresrechnung 2014<\/strong> weist einen leichten \u00dcberschuss aus (Revision noch ausstehend). Neu hat der Kassier die ausstehenden Mitgliederbeitr\u00e4ge aktiviert. Der Vorstand wird regelm\u00e4ssig dar\u00fcber entscheiden, welche ausstehenden Mitgliederbeitr\u00e4ge abzuschreiben und welche Mitglieder auszuschliessen sind. Gleichzeitig werden die Bem\u00fchungen zum Eintreiben offener Zahlungen verst\u00e4rkt. Erfreulich sind die zunehmenden Spenden und Einzahlungen \u00fcber e-Banking.<\/li>\n<li>Das <strong>Jahresprogramm 2015<\/strong> wurde verabschiedet.\u00a0Wie bisher werden viertelj\u00e4hrliche Rapporte durchgef\u00fchrt. Neu im Programm sind zwei spezielle Schiessanl\u00e4sse:<br \/>\n&#8211; Ein <em>Pistolenschiessen\u00a0mit Damenbegleitung<\/em>;<br \/>\n&#8211; Ein <em>Kombi-Schiessanlass<\/em>: Am gleichen Abend\u00a0das &#8220;Obligatorische&#8221; und das &#8220;Feldschiessen&#8221; absolvieren.<br \/>\nWer die\u00a0internationale\u00a0Kameradschaft pflegen will, kann dies am <a href=\"http:\/\/www.pokalwettkampf.de\/Home.html\" target=\"_blank\">Internationalen Schiesswettbewerb in Eschbach<\/a>, am <a href=\"http:\/\/www.he.admin.ch\/internet\/heer\/de\/home\/themen\/sat\/ausserd\/at_maersche\/at_4tgm_nijmegen.html\" target=\"_blank\">99. Internationalen 4-Tage-Marsch in Nijmegen<\/a>\u00a0oder am <a href=\"http:\/\/www.imm-bundeswehr.de\/\" target=\"_blank\">Internationalen M\u00f6nchengladbacher Milit\u00e4rwettkampf 2015<\/a> tun.<br \/>\nF\u00fcr die Orientierungstage der Fricktaler Rekruten suchen wir wie jedes Jahr Freiwillige, welche sich etwas Zeit nehmen. Weitere Informationen dazu gibt es bei den <a href=\"http:\/\/fricktaleroffiziere.ch\/?s=Orientierungstag\" target=\"_blank\">fr\u00fcheren Berichten<\/a>.<br \/>\nDer vorgesehene &#8220;Rhein-Rapport&#8221; ging leider bei der OGBB vergessen&#8230;<\/li>\n<li>Die <strong>VATV-Beitr\u00e4ge<\/strong> f\u00fcr Offiziersgesellschaften, welche der Bund bisher pro Mitglied ausgerichtet hat, werden neu berechnet. Neu erh\u00e4lt die OG nur noch Beitr\u00e4ge f\u00fcr aktiv in der Armee eingeteilte Mitglieder.\u00a0Dies gilt auch f\u00fcr Entsch\u00e4digungen f\u00fcr Anl\u00e4sse (z.B. Pist Schiessen). In der FOG betr\u00e4gt der Anteil aktiv in der Armee eingeteilter Offiziere 59%. Damit wird der Beitrag in den kommenden Jahren um fast die H\u00e4lfte\u00a0geringer ausfallen als bisher. Weitere Informationen erhalten Sie auf der Seite der <a href=\"http:\/\/www.he.admin.ch\/internet\/heer\/de\/home\/themen\/sat.html\" target=\"_blank\">Abteilung SAT<\/a>.<\/li>\n<li><img loading=\"lazy\" decoding=\"async\" class=\"alignright\" src=\"http:\/\/verlag-merker.ch\/images\/2849_Titelseite_Marignano.jpg\" alt=\"\" width=\"101\" height=\"145\" \/>Im\u00a0Verlag &#8220;Merker im Effingerhof&#8221; wird\u00a0zum <strong>500. Jahrestag der Schlacht von Marignano<\/strong> ein <a href=\"http:\/\/verlag-merker.ch\/index.php?p=4\" target=\"_blank\"><strong>reich illustriertes Buch<\/strong><\/a> publiziert. Es kann f\u00fcr CHF 75 beim Verlag <a href=\"http:\/\/verlag-merker.ch\/index.php?p=11\" target=\"_blank\">bestellt<\/a> werden.<\/li>\n<\/ul>\n<p>&nbsp;<\/p>\n","protected":false},"excerpt":{"rendered":"<p>Die erste Vorstandssitzung im neuen Jahr ist\u00a0jeweils die intensivste.\u00a0Nach einem reichhaltigen Imbiss beim Verbindungsoffizier OGBB in Wittnau befasste sich der Vorstand am Donnerstag Abend, 8. Januar 2015,\u00a0unter anderem mit folgenden Themen: Als AOG-Pr\u00e4sidenten f\u00fcr die Periode 2015-2018 schl\u00e4gt die AOG-Pr\u00e4sidentenkonferenz &hellip; <a href=\"https:\/\/fricktaleroffiziere.ch\/?p=4056\">Weiterlesen <span class=\"meta-nav\">&rarr;<\/span><\/a><\/p>\n","protected":false},"author":28,"featured_media":0,"comment_status":"open","ping_status":"open","sticky":false,"template":"","format":"standard","meta":{"_monsterinsights_skip_tracking":false,"_monsterinsights_sitenote_active":false,"_monsterinsights_sitenote_note":"","_monsterinsights_sitenote_category":0,"_s2mail":"yes","footnotes":""},"categories":[307,75,45],"tags":[46,324,308,319],"class_list":["post-4056","post","type-post","status-publish","format-standard","hentry","category-307","category-aog","category-vorstand","tag-finanzen","tag-kommunikation","tag-mitglieder","tag-vorstand"],"_links":{"self":[{"href":"https:\/\/fricktaleroffiziere.ch\/index.php?rest_route=\/wp\/v2\/posts\/4056","targetHints":{"allow":["GET"]}}],"collection":[{"href":"https:\/\/fricktaleroffiziere.ch\/index.php?rest_route=\/wp\/v2\/posts"}],"about":[{"href":"https:\/\/fricktaleroffiziere.ch\/index.php?rest_route=\/wp\/v2\/types\/post"}],"author":[{"embeddable":true,"href":"https:\/\/fricktaleroffiziere.ch\/index.php?rest_route=\/wp\/v2\/users\/28"}],"replies":[{"embeddable":true,"href":"https:\/\/fricktaleroffiziere.ch\/index.php?rest_route=%2Fwp%2Fv2%2Fcomments&post=4056"}],"version-history":[{"count":9,"href":"https:\/\/fricktaleroffiziere.ch\/index.php?rest_route=\/wp\/v2\/posts\/4056\/revisions"}],"predecessor-version":[{"id":4073,"href":"https:\/\/fricktaleroffiziere.ch\/index.php?rest_route=\/wp\/v2\/posts\/4056\/revisions\/4073"}],"wp:attachment":[{"href":"https:\/\/fricktaleroffiziere.ch\/index.php?rest_route=%2Fwp%2Fv2%2Fmedia&parent=4056"}],"wp:term":[{"taxonomy":"category","embeddable":true,"href":"https:\/\/fricktaleroffiziere.ch\/index.php?rest_route=%2Fwp%2Fv2%2Fcategories&post=4056"},{"taxonomy":"post_tag","embeddable":true,"href":"https:\/\/fricktaleroffiziere.ch\/index.php?rest_route=%2Fwp%2Fv2%2Ftags&post=4056"}],"curies":[{"name":"wp","href":"https:\/\/api.w.org\/{rel}","templated":true}]}}