{"id":4410,"date":"2016-03-05T00:10:37","date_gmt":"2016-03-04T23:10:37","guid":{"rendered":"http:\/\/fricktaleroffiziere.ch\/?p=4410"},"modified":"2016-03-05T00:10:37","modified_gmt":"2016-03-04T23:10:37","slug":"fricktaler-offiziere-abraham-muetzenberg","status":"publish","type":"post","link":"https:\/\/fricktaleroffiziere.ch\/?p=4410","title":{"rendered":"Fricktaler Offiziere &#8211; Abraham M\u00fctzenberg"},"content":{"rendered":"<p>Auch wenn unser Verein eher klein ist, wir kennen einander kaum. Das folgende Mitglied d\u00fcrfte jedoch mindestens dem &#8220;harten Kern&#8221; bereits ein Begriff sein.<\/p>\n<p><strong>Abraham M\u00fctzenberg, <\/strong>Hptm aD<strong><br \/>\n<\/strong><\/p>\n<ul>\n<li>Wohnort: <span style=\"color: #339966;\">Frick<a href=\"http:\/\/fricktaleroffiziere.ch\/wp-content\/uploads\/2016\/02\/abMuetzenbergaktuell.jpg\" rel=\"attachment wp-att-4415\"><img loading=\"lazy\" decoding=\"async\" class=\"size-medium wp-image-4415 alignright\" src=\"http:\/\/fricktaleroffiziere.ch\/wp-content\/uploads\/2016\/02\/abMuetzenbergaktuell-232x300.jpg\" alt=\"abMuetzenbergaktuell\" width=\"232\" height=\"300\" srcset=\"https:\/\/fricktaleroffiziere.ch\/wp-content\/uploads\/2016\/02\/abMuetzenbergaktuell-232x300.jpg 232w, https:\/\/fricktaleroffiziere.ch\/wp-content\/uploads\/2016\/02\/abMuetzenbergaktuell.jpg 247w\" sizes=\"auto, (max-width: 232px) 100vw, 232px\" \/><\/a><\/span><\/li>\n<li>berufliche T\u00e4tigkeit: <span style=\"color: #339966;\">Dipl Ing. HTL, Mitgl Oberbauleitung der Geigy Werke Kaisten AG\/ Werkingenieur\/ Vicedir. Ciba-Geigy Werke Kaisten AG.<\/span><\/li>\n<li>Beschreiben Sie sich mit drei Worten: <span style=\"color: #339966;\">exakt, grossz\u00fcgig (beides: wo n\u00f6tig)<\/span><\/li>\n<li>Offizier seit: <span style=\"color: #339966;\">1947<\/span><\/li>\n<\/ul>\n<p>&nbsp;<\/p>\n<p>&nbsp;<\/p>\n<p><!--more--><\/p>\n<ul>\n<li>Wieso haben Sie &#8220;weiter gemacht&#8221;? <span style=\"color: #339966;\"><span style=\"color: #000000;\">Was war Ihr Ziel?<\/span> 1946, erste Motf RS nach dem Aktivdienst. Die Jugenderfahrungen w\u00e4hrend der<\/span> <span style=\"color: #339966;\">Aktivdienst-Zeit haben tiefe Spuren hinterlassen.<\/span><\/li>\n<li>Wichtige milit\u00e4rische Karriereschritte:<span style=\"color: #339966;\"><br \/>\n<\/span><span style=\"color: #339966;\">1947 OS<br \/>\n1. Einteilung: Zugf Pont Lastw. Kol 2<\/span><br \/>\n<span style=\"color: #339966;\"> 2. Einteilung: Rep Fach Of, Stab 4. Div Auslandurlaub<br \/>\n3. Kdt Mot Trsp Kp 31 (1966-1978)<\/span><\/li>\n<li>Dank dem Milit\u00e4rdienst habe ich gelernt: <span style=\"color: #339966;\">Umgang mit Menschen\/ Teams\/ Mitarbeiter<\/span><br \/>\n<span style=\"color: #339966;\"> Fahren mit Motfz aller Typen (bis 1978)<\/span><\/li>\n<li>Das war ein schlechtes Erlebnis: <span style=\"color: #339966;\">Zu selbstst\u00e4ndige Planung &#8211; Dienstweg nicht eingehalten!<\/span><\/li>\n<li>Welche T\u00e4tigkeit beherrschen Sie so gut, dass man sie daf\u00fcr auch entlohnen m\u00fcsste? <span style=\"color: #339966;\">Kochen<\/span><\/li>\n<li>Was ich den Mitgliedern anbieten kann: <span style=\"color: #339966;\">Lebenserfahrungen<\/span><\/li>\n<li>Wie sieht die Welt in 10 Jahren aus? <span style=\"color: #339966;\">Ich hoffe besser als heute!<\/span><\/li>\n<li>Warum wird die Welt (Schweiz) immer verletzlicher? Was m\u00fcssen wir f\u00fcr die Sicherheit unserer B\u00fcrgerinnen und B\u00fcrger tun? Haben wir in 10 Jahren noch eine eigene Armee: <span style=\"color: #339966;\">wenn n\u00f6tig, JA!<\/span><\/li>\n<li>\n<div id=\"attachment_4416\" style=\"width: 216px\" class=\"wp-caption alignnone\"><a href=\"http:\/\/fricktaleroffiziere.ch\/wp-content\/uploads\/2016\/02\/abMuetzenbergmilit\u00e4r.jpg\" rel=\"attachment wp-att-4416\"><img loading=\"lazy\" decoding=\"async\" aria-describedby=\"caption-attachment-4416\" class=\"wp-image-4416 size-medium\" src=\"http:\/\/fricktaleroffiziere.ch\/wp-content\/uploads\/2016\/02\/abMuetzenbergmilit\u00e4r-206x300.jpg\" alt=\"Abraham M\u00fctzenberg im Dienst\" width=\"206\" height=\"300\" srcset=\"https:\/\/fricktaleroffiziere.ch\/wp-content\/uploads\/2016\/02\/abMuetzenbergmilit\u00e4r-206x300.jpg 206w, https:\/\/fricktaleroffiziere.ch\/wp-content\/uploads\/2016\/02\/abMuetzenbergmilit\u00e4r-768x1119.jpg 768w, https:\/\/fricktaleroffiziere.ch\/wp-content\/uploads\/2016\/02\/abMuetzenbergmilit\u00e4r-703x1024.jpg 703w, https:\/\/fricktaleroffiziere.ch\/wp-content\/uploads\/2016\/02\/abMuetzenbergmilit\u00e4r.jpg 2000w\" sizes=\"auto, (max-width: 206px) 100vw, 206px\" \/><\/a><p id=\"caption-attachment-4416\" class=\"wp-caption-text\">&#8220;&#8230;..Sonst noch eine spannende Meldung von der Front ?&#8221; EK 1974 Biwak in Bure<\/p><\/div>\n<p>Kommentar des Kommandanten: &#8220;<em>Immerhin, dieses Biwak neben dem Waffenplatz Bure (567 400 \/ 256 000 ) war das 10ni f\u00fcr die Mot Trsp Kp 31! Hat bei mir heute direkt Emotionen geweckt.<\/em>&#8220;<\/li>\n<\/ul>\n","protected":false},"excerpt":{"rendered":"<p>Auch wenn unser Verein eher klein ist, wir kennen einander kaum. Das folgende Mitglied d\u00fcrfte jedoch mindestens dem &#8220;harten Kern&#8221; bereits ein Begriff sein. Abraham M\u00fctzenberg, Hptm aD Wohnort: Frick berufliche T\u00e4tigkeit: Dipl Ing. HTL, Mitgl Oberbauleitung der Geigy Werke &hellip; <a href=\"https:\/\/fricktaleroffiziere.ch\/?p=4410\">Weiterlesen <span class=\"meta-nav\">&rarr;<\/span><\/a><\/p>\n","protected":false},"author":27,"featured_media":0,"comment_status":"open","ping_status":"open","sticky":false,"template":"","format":"standard","meta":{"_monsterinsights_skip_tracking":false,"_monsterinsights_sitenote_active":false,"_monsterinsights_sitenote_note":"","_monsterinsights_sitenote_category":0,"_s2mail":"yes","footnotes":""},"categories":[354,53,52],"tags":[321,99],"class_list":["post-4410","post","type-post","status-publish","format-standard","hentry","category-354","category-fog","category-offiziere","tag-offiziere","tag-portraits"],"_links":{"self":[{"href":"https:\/\/fricktaleroffiziere.ch\/index.php?rest_route=\/wp\/v2\/posts\/4410","targetHints":{"allow":["GET"]}}],"collection":[{"href":"https:\/\/fricktaleroffiziere.ch\/index.php?rest_route=\/wp\/v2\/posts"}],"about":[{"href":"https:\/\/fricktaleroffiziere.ch\/index.php?rest_route=\/wp\/v2\/types\/post"}],"author":[{"embeddable":true,"href":"https:\/\/fricktaleroffiziere.ch\/index.php?rest_route=\/wp\/v2\/users\/27"}],"replies":[{"embeddable":true,"href":"https:\/\/fricktaleroffiziere.ch\/index.php?rest_route=%2Fwp%2Fv2%2Fcomments&post=4410"}],"version-history":[{"count":7,"href":"https:\/\/fricktaleroffiziere.ch\/index.php?rest_route=\/wp\/v2\/posts\/4410\/revisions"}],"predecessor-version":[{"id":4421,"href":"https:\/\/fricktaleroffiziere.ch\/index.php?rest_route=\/wp\/v2\/posts\/4410\/revisions\/4421"}],"wp:attachment":[{"href":"https:\/\/fricktaleroffiziere.ch\/index.php?rest_route=%2Fwp%2Fv2%2Fmedia&parent=4410"}],"wp:term":[{"taxonomy":"category","embeddable":true,"href":"https:\/\/fricktaleroffiziere.ch\/index.php?rest_route=%2Fwp%2Fv2%2Fcategories&post=4410"},{"taxonomy":"post_tag","embeddable":true,"href":"https:\/\/fricktaleroffiziere.ch\/index.php?rest_route=%2Fwp%2Fv2%2Ftags&post=4410"}],"curies":[{"name":"wp","href":"https:\/\/api.w.org\/{rel}","templated":true}]}}