{"id":4426,"date":"2016-03-24T06:56:49","date_gmt":"2016-03-24T05:56:49","guid":{"rendered":"http:\/\/fricktaleroffiziere.ch\/?p=4426"},"modified":"2016-03-22T23:04:45","modified_gmt":"2016-03-22T22:04:45","slug":"rueckblick-auf-die-vereinsversammlung-2016","status":"publish","type":"post","link":"https:\/\/fricktaleroffiziere.ch\/?p=4426","title":{"rendered":"R\u00fcckblick auf die Vereinsversammlung 2016"},"content":{"rendered":"<p>Am Freitagabend, 11.3.16, fand die Vereinsversammlung im Wintergarten des Ochsen W\u00f6lflinswil stat. Erfreulich: 20 Teilnehmer fanden sich ein\u00a0\u2013\u00a0mehr als erwartet und angemeldet.<\/p>\n<p><!--more--><\/p>\n<p><strong>FOG 2020 \u2013 Besteht Handlungsbedarf?<\/strong><\/p>\n<p>Unter diese Frage wurde die im Herbst gestartete Umfrage den Teilnehmern erl\u00e4utert. Dabei kam Pr\u00e4sident Oberstlt i Gst Markus M M\u00fcller zum Schluss, dass die FOG f\u00fcr die kommenden Jahre auf dem richtigen Weg ist, wobei Adjustierungen vorgenommen werden m\u00fcssen.<\/p>\n<p><a href=\"http:\/\/fricktaleroffiziere.ch\/wp-content\/uploads\/2016\/03\/Auswertung-Umfrage-FOG-2020.pdf\" target=\"_blank\">Umfrageergebnisse (PDF)<\/a><\/p>\n<p>Weiterhin wurden \u00fcber die WEA und Beschaffungen der Armee ausgiebig diskutiert. Dabei wurden Parallelen zu vergangenen Dienstzeiten gezogen.<\/p>\n<p><strong>Jahresr\u00fcckblick und offizieller Teil<\/strong><\/p>\n<p>Nachdem Hauptgang wurde der <a href=\"http:\/\/fricktaleroffiziere.ch\/?p=4450\">Jahresr\u00fcckblick des Pr\u00e4sidenten<\/a>, gew\u00fcnscht von der Versammlung, vorgelesen. Von der geopolitischen Lage \u00fcber die wirtschaftlichen Entwicklungen bis zum Vereinsprogramm der FOG wurden den Teilnehme eine stattliche \u00dcbersicht geliefert. Die darauffolgende offizielle Vereinsversammlung best\u00e4tigte folgende \u00c4nderung:<\/p>\n<p><strong>Wechsel im Vorstand<\/strong><\/p>\n<p>Oberstlt Daniel Laube wurde aus dem Vorstand verabschiedet. Als neuer Kassierer wurde Oberstlt Dimitrios Papadopoulos gew\u00e4hlt. \u00a0Bei den anderen Vorstandsmitgliedern bleibt es wie bisher.<\/p>\n<p>Der Ausklang des Abends folgte danach beim Dessert, bis bald die M\u00fcdigkeit in Erscheinung trat und die Mitglieder die R\u00fcckverschiebung nach Hause in Angriff\u00a0nahmen.<\/p>\n<div id='gallery-1' class='gallery galleryid-4426 gallery-columns-3 gallery-size-thumbnail'><dl class='gallery-item'>\n\t\t\t<dt class='gallery-icon landscape'>\n\t\t\t\t<a href='https:\/\/fricktaleroffiziere.ch\/?attachment_id=4442'><img loading=\"lazy\" decoding=\"async\" width=\"150\" height=\"150\" src=\"https:\/\/fricktaleroffiziere.ch\/wp-content\/uploads\/2016\/03\/DSC09658-150x150.jpg\" class=\"attachment-thumbnail size-thumbnail\" alt=\"\" srcset=\"https:\/\/fricktaleroffiziere.ch\/wp-content\/uploads\/2016\/03\/DSC09658-150x150.jpg 150w, https:\/\/fricktaleroffiziere.ch\/wp-content\/uploads\/2016\/03\/DSC09658-144x144.jpg 144w\" sizes=\"auto, (max-width: 150px) 100vw, 150px\" \/><\/a>\n\t\t\t<\/dt><\/dl><dl class='gallery-item'>\n\t\t\t<dt class='gallery-icon landscape'>\n\t\t\t\t<a href='https:\/\/fricktaleroffiziere.ch\/?attachment_id=4441'><img loading=\"lazy\" decoding=\"async\" width=\"150\" height=\"150\" src=\"https:\/\/fricktaleroffiziere.ch\/wp-content\/uploads\/2016\/03\/DSC09657-150x150.jpg\" class=\"attachment-thumbnail size-thumbnail\" alt=\"\" srcset=\"https:\/\/fricktaleroffiziere.ch\/wp-content\/uploads\/2016\/03\/DSC09657-150x150.jpg 150w, https:\/\/fricktaleroffiziere.ch\/wp-content\/uploads\/2016\/03\/DSC09657-144x144.jpg 144w\" sizes=\"auto, (max-width: 150px) 100vw, 150px\" \/><\/a>\n\t\t\t<\/dt><\/dl><dl class='gallery-item'>\n\t\t\t<dt class='gallery-icon landscape'>\n\t\t\t\t<a href='https:\/\/fricktaleroffiziere.ch\/?attachment_id=4440'><img loading=\"lazy\" decoding=\"async\" width=\"150\" height=\"150\" src=\"https:\/\/fricktaleroffiziere.ch\/wp-content\/uploads\/2016\/03\/DSC09654-150x150.jpg\" class=\"attachment-thumbnail size-thumbnail\" alt=\"\" srcset=\"https:\/\/fricktaleroffiziere.ch\/wp-content\/uploads\/2016\/03\/DSC09654-150x150.jpg 150w, https:\/\/fricktaleroffiziere.ch\/wp-content\/uploads\/2016\/03\/DSC09654-144x144.jpg 144w\" sizes=\"auto, (max-width: 150px) 100vw, 150px\" \/><\/a>\n\t\t\t<\/dt><\/dl><br style=\"clear: both\" \/><dl class='gallery-item'>\n\t\t\t<dt class='gallery-icon landscape'>\n\t\t\t\t<a href='https:\/\/fricktaleroffiziere.ch\/?attachment_id=4439'><img loading=\"lazy\" decoding=\"async\" width=\"150\" height=\"150\" src=\"https:\/\/fricktaleroffiziere.ch\/wp-content\/uploads\/2016\/03\/DSC09653-150x150.jpg\" class=\"attachment-thumbnail size-thumbnail\" alt=\"\" srcset=\"https:\/\/fricktaleroffiziere.ch\/wp-content\/uploads\/2016\/03\/DSC09653-150x150.jpg 150w, https:\/\/fricktaleroffiziere.ch\/wp-content\/uploads\/2016\/03\/DSC09653-144x144.jpg 144w\" sizes=\"auto, (max-width: 150px) 100vw, 150px\" \/><\/a>\n\t\t\t<\/dt><\/dl><dl class='gallery-item'>\n\t\t\t<dt class='gallery-icon landscape'>\n\t\t\t\t<a href='https:\/\/fricktaleroffiziere.ch\/?attachment_id=4438'><img loading=\"lazy\" decoding=\"async\" width=\"150\" height=\"150\" src=\"https:\/\/fricktaleroffiziere.ch\/wp-content\/uploads\/2016\/03\/DSC09651-150x150.jpg\" class=\"attachment-thumbnail size-thumbnail\" alt=\"\" srcset=\"https:\/\/fricktaleroffiziere.ch\/wp-content\/uploads\/2016\/03\/DSC09651-150x150.jpg 150w, https:\/\/fricktaleroffiziere.ch\/wp-content\/uploads\/2016\/03\/DSC09651-144x144.jpg 144w\" sizes=\"auto, (max-width: 150px) 100vw, 150px\" \/><\/a>\n\t\t\t<\/dt><\/dl><dl class='gallery-item'>\n\t\t\t<dt class='gallery-icon landscape'>\n\t\t\t\t<a href='https:\/\/fricktaleroffiziere.ch\/?attachment_id=4437'><img loading=\"lazy\" decoding=\"async\" width=\"150\" height=\"150\" src=\"https:\/\/fricktaleroffiziere.ch\/wp-content\/uploads\/2016\/03\/DSC09649-150x150.jpg\" class=\"attachment-thumbnail size-thumbnail\" alt=\"\" srcset=\"https:\/\/fricktaleroffiziere.ch\/wp-content\/uploads\/2016\/03\/DSC09649-150x150.jpg 150w, https:\/\/fricktaleroffiziere.ch\/wp-content\/uploads\/2016\/03\/DSC09649-144x144.jpg 144w\" sizes=\"auto, (max-width: 150px) 100vw, 150px\" \/><\/a>\n\t\t\t<\/dt><\/dl><br style=\"clear: both\" \/><dl class='gallery-item'>\n\t\t\t<dt class='gallery-icon landscape'>\n\t\t\t\t<a href='https:\/\/fricktaleroffiziere.ch\/?attachment_id=4436'><img loading=\"lazy\" decoding=\"async\" width=\"150\" height=\"150\" src=\"https:\/\/fricktaleroffiziere.ch\/wp-content\/uploads\/2016\/03\/DSC09648-150x150.jpg\" class=\"attachment-thumbnail size-thumbnail\" alt=\"\" srcset=\"https:\/\/fricktaleroffiziere.ch\/wp-content\/uploads\/2016\/03\/DSC09648-150x150.jpg 150w, https:\/\/fricktaleroffiziere.ch\/wp-content\/uploads\/2016\/03\/DSC09648-144x144.jpg 144w\" sizes=\"auto, (max-width: 150px) 100vw, 150px\" \/><\/a>\n\t\t\t<\/dt><\/dl><dl class='gallery-item'>\n\t\t\t<dt class='gallery-icon landscape'>\n\t\t\t\t<a href='https:\/\/fricktaleroffiziere.ch\/?attachment_id=4435'><img loading=\"lazy\" decoding=\"async\" width=\"150\" height=\"150\" src=\"https:\/\/fricktaleroffiziere.ch\/wp-content\/uploads\/2016\/03\/DSC09642-150x150.jpg\" class=\"attachment-thumbnail size-thumbnail\" alt=\"\" srcset=\"https:\/\/fricktaleroffiziere.ch\/wp-content\/uploads\/2016\/03\/DSC09642-150x150.jpg 150w, https:\/\/fricktaleroffiziere.ch\/wp-content\/uploads\/2016\/03\/DSC09642-144x144.jpg 144w\" sizes=\"auto, (max-width: 150px) 100vw, 150px\" \/><\/a>\n\t\t\t<\/dt><\/dl><dl class='gallery-item'>\n\t\t\t<dt class='gallery-icon landscape'>\n\t\t\t\t<a href='https:\/\/fricktaleroffiziere.ch\/?attachment_id=4434'><img loading=\"lazy\" decoding=\"async\" width=\"150\" height=\"150\" src=\"https:\/\/fricktaleroffiziere.ch\/wp-content\/uploads\/2016\/03\/DSC09641-150x150.jpg\" class=\"attachment-thumbnail size-thumbnail\" alt=\"\" srcset=\"https:\/\/fricktaleroffiziere.ch\/wp-content\/uploads\/2016\/03\/DSC09641-150x150.jpg 150w, https:\/\/fricktaleroffiziere.ch\/wp-content\/uploads\/2016\/03\/DSC09641-144x144.jpg 144w\" sizes=\"auto, (max-width: 150px) 100vw, 150px\" \/><\/a>\n\t\t\t<\/dt><\/dl><br style=\"clear: both\" \/><dl class='gallery-item'>\n\t\t\t<dt class='gallery-icon landscape'>\n\t\t\t\t<a href='https:\/\/fricktaleroffiziere.ch\/?attachment_id=4433'><img loading=\"lazy\" decoding=\"async\" width=\"150\" height=\"150\" src=\"https:\/\/fricktaleroffiziere.ch\/wp-content\/uploads\/2016\/03\/DSC09640-150x150.jpg\" class=\"attachment-thumbnail size-thumbnail\" alt=\"\" srcset=\"https:\/\/fricktaleroffiziere.ch\/wp-content\/uploads\/2016\/03\/DSC09640-150x150.jpg 150w, https:\/\/fricktaleroffiziere.ch\/wp-content\/uploads\/2016\/03\/DSC09640-144x144.jpg 144w\" sizes=\"auto, (max-width: 150px) 100vw, 150px\" \/><\/a>\n\t\t\t<\/dt><\/dl><dl class='gallery-item'>\n\t\t\t<dt class='gallery-icon landscape'>\n\t\t\t\t<a href='https:\/\/fricktaleroffiziere.ch\/?attachment_id=4432'><img loading=\"lazy\" decoding=\"async\" width=\"150\" height=\"150\" src=\"https:\/\/fricktaleroffiziere.ch\/wp-content\/uploads\/2016\/03\/DSC09639-150x150.jpg\" class=\"attachment-thumbnail size-thumbnail\" alt=\"\" srcset=\"https:\/\/fricktaleroffiziere.ch\/wp-content\/uploads\/2016\/03\/DSC09639-150x150.jpg 150w, https:\/\/fricktaleroffiziere.ch\/wp-content\/uploads\/2016\/03\/DSC09639-144x144.jpg 144w\" sizes=\"auto, (max-width: 150px) 100vw, 150px\" \/><\/a>\n\t\t\t<\/dt><\/dl><dl class='gallery-item'>\n\t\t\t<dt class='gallery-icon landscape'>\n\t\t\t\t<a href='https:\/\/fricktaleroffiziere.ch\/?attachment_id=4431'><img loading=\"lazy\" decoding=\"async\" width=\"150\" height=\"150\" src=\"https:\/\/fricktaleroffiziere.ch\/wp-content\/uploads\/2016\/03\/DSC09638-150x150.jpg\" class=\"attachment-thumbnail size-thumbnail\" alt=\"\" srcset=\"https:\/\/fricktaleroffiziere.ch\/wp-content\/uploads\/2016\/03\/DSC09638-150x150.jpg 150w, https:\/\/fricktaleroffiziere.ch\/wp-content\/uploads\/2016\/03\/DSC09638-144x144.jpg 144w\" sizes=\"auto, (max-width: 150px) 100vw, 150px\" \/><\/a>\n\t\t\t<\/dt><\/dl><br style=\"clear: both\" \/><dl class='gallery-item'>\n\t\t\t<dt class='gallery-icon landscape'>\n\t\t\t\t<a href='https:\/\/fricktaleroffiziere.ch\/?attachment_id=4430'><img loading=\"lazy\" decoding=\"async\" width=\"150\" height=\"150\" src=\"https:\/\/fricktaleroffiziere.ch\/wp-content\/uploads\/2016\/03\/DSC09636-150x150.jpg\" class=\"attachment-thumbnail size-thumbnail\" alt=\"\" srcset=\"https:\/\/fricktaleroffiziere.ch\/wp-content\/uploads\/2016\/03\/DSC09636-150x150.jpg 150w, https:\/\/fricktaleroffiziere.ch\/wp-content\/uploads\/2016\/03\/DSC09636-144x144.jpg 144w\" sizes=\"auto, (max-width: 150px) 100vw, 150px\" \/><\/a>\n\t\t\t<\/dt><\/dl><dl class='gallery-item'>\n\t\t\t<dt class='gallery-icon landscape'>\n\t\t\t\t<a href='https:\/\/fricktaleroffiziere.ch\/?attachment_id=4429'><img loading=\"lazy\" decoding=\"async\" width=\"150\" height=\"150\" src=\"https:\/\/fricktaleroffiziere.ch\/wp-content\/uploads\/2016\/03\/DSC09634-150x150.jpg\" class=\"attachment-thumbnail size-thumbnail\" alt=\"\" srcset=\"https:\/\/fricktaleroffiziere.ch\/wp-content\/uploads\/2016\/03\/DSC09634-150x150.jpg 150w, https:\/\/fricktaleroffiziere.ch\/wp-content\/uploads\/2016\/03\/DSC09634-144x144.jpg 144w\" sizes=\"auto, (max-width: 150px) 100vw, 150px\" \/><\/a>\n\t\t\t<\/dt><\/dl>\n\t\t\t<br style='clear: both' \/>\n\t\t<\/div>\n\n","protected":false},"excerpt":{"rendered":"<p>Am Freitagabend, 11.3.16, fand die Vereinsversammlung im Wintergarten des Ochsen W\u00f6lflinswil stat. Erfreulich: 20 Teilnehmer fanden sich ein\u00a0\u2013\u00a0mehr als erwartet und angemeldet.<\/p>\n","protected":false},"author":27,"featured_media":0,"comment_status":"open","ping_status":"open","sticky":false,"template":"","format":"standard","meta":{"_monsterinsights_skip_tracking":false,"_monsterinsights_sitenote_active":false,"_monsterinsights_sitenote_note":"","_monsterinsights_sitenote_category":0,"_s2mail":"yes","footnotes":""},"categories":[354,53,48,45],"tags":[320,69],"class_list":["post-4426","post","type-post","status-publish","format-standard","hentry","category-354","category-fog","category-veranstaltungen","category-vorstand","tag-veranstaltungen","tag-vereinsversammlung"],"_links":{"self":[{"href":"https:\/\/fricktaleroffiziere.ch\/index.php?rest_route=\/wp\/v2\/posts\/4426","targetHints":{"allow":["GET"]}}],"collection":[{"href":"https:\/\/fricktaleroffiziere.ch\/index.php?rest_route=\/wp\/v2\/posts"}],"about":[{"href":"https:\/\/fricktaleroffiziere.ch\/index.php?rest_route=\/wp\/v2\/types\/post"}],"author":[{"embeddable":true,"href":"https:\/\/fricktaleroffiziere.ch\/index.php?rest_route=\/wp\/v2\/users\/27"}],"replies":[{"embeddable":true,"href":"https:\/\/fricktaleroffiziere.ch\/index.php?rest_route=%2Fwp%2Fv2%2Fcomments&post=4426"}],"version-history":[{"count":7,"href":"https:\/\/fricktaleroffiziere.ch\/index.php?rest_route=\/wp\/v2\/posts\/4426\/revisions"}],"predecessor-version":[{"id":4610,"href":"https:\/\/fricktaleroffiziere.ch\/index.php?rest_route=\/wp\/v2\/posts\/4426\/revisions\/4610"}],"wp:attachment":[{"href":"https:\/\/fricktaleroffiziere.ch\/index.php?rest_route=%2Fwp%2Fv2%2Fmedia&parent=4426"}],"wp:term":[{"taxonomy":"category","embeddable":true,"href":"https:\/\/fricktaleroffiziere.ch\/index.php?rest_route=%2Fwp%2Fv2%2Fcategories&post=4426"},{"taxonomy":"post_tag","embeddable":true,"href":"https:\/\/fricktaleroffiziere.ch\/index.php?rest_route=%2Fwp%2Fv2%2Ftags&post=4426"}],"curies":[{"name":"wp","href":"https:\/\/api.w.org\/{rel}","templated":true}]}}