{"id":4631,"date":"2016-05-12T22:20:51","date_gmt":"2016-05-12T21:20:51","guid":{"rendered":"http:\/\/fricktaleroffiziere.ch\/?p=4631"},"modified":"2016-05-12T22:20:51","modified_gmt":"2016-05-12T21:20:51","slug":"rueckblick-fruehlingsrapport-2016","status":"publish","type":"post","link":"https:\/\/fricktaleroffiziere.ch\/?p=4631","title":{"rendered":"R\u00fcckblick: Fr\u00fchlingsrapport 2016"},"content":{"rendered":"<p><strong>Spargeln-Essen mit neuem Namen an einem kurzfristig neuen Ort.<\/strong><\/p>\n<p><a href=\"http:\/\/fricktaleroffiziere.ch\/wp-content\/uploads\/2016\/05\/DSC09660.jpg\" rel=\"attachment wp-att-4624\"><img loading=\"lazy\" decoding=\"async\" class=\"alignnone size-medium wp-image-4624\" src=\"http:\/\/fricktaleroffiziere.ch\/wp-content\/uploads\/2016\/05\/DSC09660-300x200.jpg\" alt=\"\" width=\"300\" height=\"200\" srcset=\"https:\/\/fricktaleroffiziere.ch\/wp-content\/uploads\/2016\/05\/DSC09660-300x200.jpg 300w, https:\/\/fricktaleroffiziere.ch\/wp-content\/uploads\/2016\/05\/DSC09660-768x511.jpg 768w, https:\/\/fricktaleroffiziere.ch\/wp-content\/uploads\/2016\/05\/DSC09660-1024x681.jpg 1024w\" sizes=\"auto, (max-width: 300px) 100vw, 300px\" \/><\/a><\/p>\n<p>Anstatt in Wittnau, traf sich die FOG zum Fr\u00fchlingsrapport in der Post B\u00f6zen. Bei Weisswein und einem herrlichen Buffet mit Spargeln und Schinken diskutierten die Mitglieder jeder Alterskategorie und Offiziersgrade \u00fcber Aktuelles wie die WEA und Vergangenes. F\u00fcr die FOG-Jahresprognosen wurden noch vereinzelt Sch\u00e4tzungen abgegeben, wobei diese einen leichten Vorteil gegen\u00fcber den Antworten von Januar haben k\u00f6nnten. Bei Glac\u00e9 und Kaffee wurde der Fr\u00fchlingsabend ausgeklungen.<!--more--><\/p>\n<p>An den n\u00e4chsten Anl\u00e4sse der FOG knallt es: das Doubletttenschiessen (<a href=\"http:\/\/fricktaleroffiziere.ch\/?page_id=4382\" target=\"_blank\">An-\/Abmeldung<\/a>), mit dem Obligatorischem Bundesprogramm und Feldschiessen jeweils auf 50 und 300m. Zus\u00e4tzlich im Juli das internationale Wettschiessen in Bruchsal Deutschland (<a href=\"http:\/\/fricktaleroffiziere.ch\/?page_id=4382\" target=\"_blank\">An-\/Abmeldung<\/a>).<\/p>\n<div id='gallery-1' class='gallery galleryid-4631 gallery-columns-3 gallery-size-thumbnail'><dl class='gallery-item'>\n\t\t\t<dt class='gallery-icon landscape'>\n\t\t\t\t<a href='https:\/\/fricktaleroffiziere.ch\/?attachment_id=4630'><img loading=\"lazy\" decoding=\"async\" width=\"150\" height=\"150\" src=\"https:\/\/fricktaleroffiziere.ch\/wp-content\/uploads\/2016\/05\/DSC09678-150x150.jpg\" class=\"attachment-thumbnail size-thumbnail\" alt=\"\" srcset=\"https:\/\/fricktaleroffiziere.ch\/wp-content\/uploads\/2016\/05\/DSC09678-150x150.jpg 150w, https:\/\/fricktaleroffiziere.ch\/wp-content\/uploads\/2016\/05\/DSC09678-144x144.jpg 144w\" sizes=\"auto, (max-width: 150px) 100vw, 150px\" \/><\/a>\n\t\t\t<\/dt><\/dl><dl class='gallery-item'>\n\t\t\t<dt class='gallery-icon landscape'>\n\t\t\t\t<a href='https:\/\/fricktaleroffiziere.ch\/?attachment_id=4629'><img loading=\"lazy\" decoding=\"async\" width=\"150\" height=\"150\" src=\"https:\/\/fricktaleroffiziere.ch\/wp-content\/uploads\/2016\/05\/DSC09676-150x150.jpg\" class=\"attachment-thumbnail size-thumbnail\" alt=\"\" srcset=\"https:\/\/fricktaleroffiziere.ch\/wp-content\/uploads\/2016\/05\/DSC09676-150x150.jpg 150w, https:\/\/fricktaleroffiziere.ch\/wp-content\/uploads\/2016\/05\/DSC09676-144x144.jpg 144w\" sizes=\"auto, (max-width: 150px) 100vw, 150px\" \/><\/a>\n\t\t\t<\/dt><\/dl><dl class='gallery-item'>\n\t\t\t<dt class='gallery-icon landscape'>\n\t\t\t\t<a href='https:\/\/fricktaleroffiziere.ch\/?attachment_id=4628'><img loading=\"lazy\" decoding=\"async\" width=\"150\" height=\"150\" src=\"https:\/\/fricktaleroffiziere.ch\/wp-content\/uploads\/2016\/05\/DSC09669-150x150.jpg\" class=\"attachment-thumbnail size-thumbnail\" alt=\"\" srcset=\"https:\/\/fricktaleroffiziere.ch\/wp-content\/uploads\/2016\/05\/DSC09669-150x150.jpg 150w, https:\/\/fricktaleroffiziere.ch\/wp-content\/uploads\/2016\/05\/DSC09669-144x144.jpg 144w\" sizes=\"auto, (max-width: 150px) 100vw, 150px\" \/><\/a>\n\t\t\t<\/dt><\/dl><br style=\"clear: both\" \/><dl class='gallery-item'>\n\t\t\t<dt class='gallery-icon landscape'>\n\t\t\t\t<a href='https:\/\/fricktaleroffiziere.ch\/?attachment_id=4627'><img loading=\"lazy\" decoding=\"async\" width=\"150\" height=\"150\" src=\"https:\/\/fricktaleroffiziere.ch\/wp-content\/uploads\/2016\/05\/DSC09671-150x150.jpg\" class=\"attachment-thumbnail size-thumbnail\" alt=\"\" srcset=\"https:\/\/fricktaleroffiziere.ch\/wp-content\/uploads\/2016\/05\/DSC09671-150x150.jpg 150w, https:\/\/fricktaleroffiziere.ch\/wp-content\/uploads\/2016\/05\/DSC09671-144x144.jpg 144w\" sizes=\"auto, (max-width: 150px) 100vw, 150px\" \/><\/a>\n\t\t\t<\/dt><\/dl><dl class='gallery-item'>\n\t\t\t<dt class='gallery-icon landscape'>\n\t\t\t\t<a href='https:\/\/fricktaleroffiziere.ch\/?attachment_id=4626'><img loading=\"lazy\" decoding=\"async\" width=\"150\" height=\"150\" src=\"https:\/\/fricktaleroffiziere.ch\/wp-content\/uploads\/2016\/05\/DSC09666-150x150.jpg\" class=\"attachment-thumbnail size-thumbnail\" alt=\"\" srcset=\"https:\/\/fricktaleroffiziere.ch\/wp-content\/uploads\/2016\/05\/DSC09666-150x150.jpg 150w, https:\/\/fricktaleroffiziere.ch\/wp-content\/uploads\/2016\/05\/DSC09666-144x144.jpg 144w\" sizes=\"auto, (max-width: 150px) 100vw, 150px\" \/><\/a>\n\t\t\t<\/dt><\/dl><dl class='gallery-item'>\n\t\t\t<dt class='gallery-icon landscape'>\n\t\t\t\t<a href='https:\/\/fricktaleroffiziere.ch\/?attachment_id=4625'><img loading=\"lazy\" decoding=\"async\" width=\"150\" height=\"150\" src=\"https:\/\/fricktaleroffiziere.ch\/wp-content\/uploads\/2016\/05\/DSC09663-150x150.jpg\" class=\"attachment-thumbnail size-thumbnail\" alt=\"\" srcset=\"https:\/\/fricktaleroffiziere.ch\/wp-content\/uploads\/2016\/05\/DSC09663-150x150.jpg 150w, https:\/\/fricktaleroffiziere.ch\/wp-content\/uploads\/2016\/05\/DSC09663-144x144.jpg 144w\" sizes=\"auto, (max-width: 150px) 100vw, 150px\" \/><\/a>\n\t\t\t<\/dt><\/dl><br style=\"clear: both\" \/>\n\t\t<\/div>\n\n","protected":false},"excerpt":{"rendered":"<p>Spargeln-Essen mit neuem Namen an einem kurzfristig neuen Ort. Anstatt in Wittnau, traf sich die FOG zum Fr\u00fchlingsrapport in der Post B\u00f6zen. Bei Weisswein und einem herrlichen Buffet mit Spargeln und Schinken diskutierten die Mitglieder jeder Alterskategorie und Offiziersgrade \u00fcber &hellip; <a href=\"https:\/\/fricktaleroffiziere.ch\/?p=4631\">Weiterlesen <span class=\"meta-nav\">&rarr;<\/span><\/a><\/p>\n","protected":false},"author":27,"featured_media":0,"comment_status":"open","ping_status":"open","sticky":false,"template":"","format":"standard","meta":{"_monsterinsights_skip_tracking":false,"_monsterinsights_sitenote_active":false,"_monsterinsights_sitenote_note":"","_monsterinsights_sitenote_category":0,"_s2mail":"yes","footnotes":""},"categories":[354,1,53,48],"tags":[320],"class_list":["post-4631","post","type-post","status-publish","format-standard","hentry","category-354","category-allg","category-fog","category-veranstaltungen","tag-veranstaltungen"],"_links":{"self":[{"href":"https:\/\/fricktaleroffiziere.ch\/index.php?rest_route=\/wp\/v2\/posts\/4631","targetHints":{"allow":["GET"]}}],"collection":[{"href":"https:\/\/fricktaleroffiziere.ch\/index.php?rest_route=\/wp\/v2\/posts"}],"about":[{"href":"https:\/\/fricktaleroffiziere.ch\/index.php?rest_route=\/wp\/v2\/types\/post"}],"author":[{"embeddable":true,"href":"https:\/\/fricktaleroffiziere.ch\/index.php?rest_route=\/wp\/v2\/users\/27"}],"replies":[{"embeddable":true,"href":"https:\/\/fricktaleroffiziere.ch\/index.php?rest_route=%2Fwp%2Fv2%2Fcomments&post=4631"}],"version-history":[{"count":4,"href":"https:\/\/fricktaleroffiziere.ch\/index.php?rest_route=\/wp\/v2\/posts\/4631\/revisions"}],"predecessor-version":[{"id":4637,"href":"https:\/\/fricktaleroffiziere.ch\/index.php?rest_route=\/wp\/v2\/posts\/4631\/revisions\/4637"}],"wp:attachment":[{"href":"https:\/\/fricktaleroffiziere.ch\/index.php?rest_route=%2Fwp%2Fv2%2Fmedia&parent=4631"}],"wp:term":[{"taxonomy":"category","embeddable":true,"href":"https:\/\/fricktaleroffiziere.ch\/index.php?rest_route=%2Fwp%2Fv2%2Fcategories&post=4631"},{"taxonomy":"post_tag","embeddable":true,"href":"https:\/\/fricktaleroffiziere.ch\/index.php?rest_route=%2Fwp%2Fv2%2Ftags&post=4631"}],"curies":[{"name":"wp","href":"https:\/\/api.w.org\/{rel}","templated":true}]}}