{"id":4697,"date":"2016-07-12T12:48:42","date_gmt":"2016-07-12T11:48:42","guid":{"rendered":"http:\/\/fricktaleroffiziere.ch\/?p=4697"},"modified":"2016-07-13T13:32:51","modified_gmt":"2016-07-13T12:32:51","slug":"arbeitsbericht-des-vorstandes-2","status":"publish","type":"post","link":"https:\/\/fricktaleroffiziere.ch\/?p=4697","title":{"rendered":"Arbeitsbericht des Vorstandes"},"content":{"rendered":"<p>Der Vorstand trat am 4. Juli 2016 in Densb\u00fcren komplett zu seiner zweiten Sitzung an und behandelte u.a. folgende Themen:<\/p>\n<ul>\n<li>Die\u00a0<strong>AOG<\/strong> hat in ihrem\u00a0Antwortschreiben vom 2. Mai 2016 ihr Bedauern f\u00fcr die <a href=\"http:\/\/fricktaleroffiziere.ch\/?p=4381\" target=\"_blank\">Situation<\/a> zum Ausdruck gebracht. Anl\u00e4sslich der AOG Pr\u00e4sidentenkonferenz vom 28. Juni 2016 wurde die\u00a0Meinungsdifferenz erneut diskutiert. Die Einigung sieht nun vor, dass die AOG den Betrag \u2013 wie von der FOG gew\u00fcnscht \u2013 in der Erfolgsrechnung <span style=\"text-decoration: underline;\">abschreibt<\/span>. Sobald dieser Beschluss vorliegt, wird die FOG der AOG eine Spende zukommen lassen.<\/li>\n<li>Am 10. September 2016 soll nun definitiv eine <strong>AOG-Veranstaltung<\/strong> zur &#8220;<em>Armee der Zukunft<\/em>&#8221; stattfinden.<!--more--><\/li>\n<li>Der <strong>Mitgliederbestand<\/strong> betr\u00e4gt aktuell 122 Mitglieder, davon 25 G\u00f6nner. Rund 30 Offiziere m\u00fcssen den Mitgliederbeitrag noch entrichten. Die Mahnungen werden im August versendet.<\/li>\n<li>Wir m\u00f6chten\u00a0noch st\u00e4rker vom Postversand hin zur elektronischen Post kommen. Deshalb bitten wir alle Mitglieder, uns ihre <strong>E-Mail-Adresse<\/strong> bekannt zu geben. Selbstverst\u00e4ndlich werden die Adressen nicht f\u00fcr Spam verwendet und bleiben bei uns.<\/li>\n<li>Die <a href=\"https:\/\/www.dropbox.com\/s\/d7wb8c00wduixcd\/FOG%20in%20the%20Air%202016.pdf?dl=0\" target=\"_blank\">Details<\/a> f\u00fcr unseren Ausflug in die 3. Dimension stehen nun bereit. Am 17. September werden wir eine <strong>&#8220;Tante Ju&#8221;<\/strong> chartern und einen Kreis \u00fcber unser Land fliegen. Eine fr\u00fchzeitige <a href=\"http:\/\/fricktaleroffiziere.ch\/intheair\">Anmeldung<\/a> ist erforderlich.<\/li>\n<li>Zusammen mit der OG Aarau haben wir einen <strong>Familien-Anlass<\/strong> in der geografischen Schnittmenge unserer beiden Einzugsgebiete organisiert \u2013 den &#8220;<strong>Jura-Rapport<\/strong>&#8220;. Am Samstag, 20. August 2016\u00a0begr\u00fcssen wir die Offiziere mit ihren Familien zun\u00e4chst zu einer leichten Wanderung entweder von der Staffelegg oder Densb\u00fcren zur <a href=\"https:\/\/de.wikipedia.org\/wiki\/Ruine_Urgiz\" target=\"_blank\">Ruine Urgiz<\/a>. Dort erfahren wir mehr \u00fcber die spezielle Lage\u00a0Densb\u00fcrens. Es bleibt weiter Zeit\u00a0zu grillieren und\/oder auch noch\u00a0die Hindernisse zwischen Densb\u00fcren und Herznach zu besichtigen. <a href=\"http:\/\/fricktaleroffiziere.ch\/?page_id=4382\" target=\"_blank\">Anmeldung<\/a> erw\u00fcnscht.<\/li>\n<li>Das <strong>Referendum zur WEA<\/strong> ist nicht zustande gekommen. Die Mitteilung finden Sie <a href=\"http:\/\/armee-halbierung-nein.ch\/schwarzer-tag-fuer-die-schweiz-ihre-sicherheit-und-unsere-armee\/\" target=\"_blank\">hier<\/a>.<\/li>\n<li>Die <strong>Vereinsversammlung 2017<\/strong> findet am 3. M\u00e4rz 2017 in Rheinfelden statt.<\/li>\n<\/ul>\n","protected":false},"excerpt":{"rendered":"<p>Der Vorstand trat am 4. Juli 2016 in Densb\u00fcren komplett zu seiner zweiten Sitzung an und behandelte u.a. folgende Themen: Die\u00a0AOG hat in ihrem\u00a0Antwortschreiben vom 2. Mai 2016 ihr Bedauern f\u00fcr die Situation zum Ausdruck gebracht. Anl\u00e4sslich der AOG Pr\u00e4sidentenkonferenz &hellip; <a href=\"https:\/\/fricktaleroffiziere.ch\/?p=4697\">Weiterlesen <span class=\"meta-nav\">&rarr;<\/span><\/a><\/p>\n","protected":false},"author":28,"featured_media":0,"comment_status":"open","ping_status":"open","sticky":false,"template":"","format":"standard","meta":{"_monsterinsights_skip_tracking":false,"_monsterinsights_sitenote_active":false,"_monsterinsights_sitenote_note":"","_monsterinsights_sitenote_category":0,"_s2mail":"yes","footnotes":""},"categories":[354,75,59],"tags":[46,324,320,349],"class_list":["post-4697","post","type-post","status-publish","format-standard","hentry","category-354","category-aog","category-armee","tag-finanzen","tag-kommunikation","tag-veranstaltungen","tag-wea"],"_links":{"self":[{"href":"https:\/\/fricktaleroffiziere.ch\/index.php?rest_route=\/wp\/v2\/posts\/4697","targetHints":{"allow":["GET"]}}],"collection":[{"href":"https:\/\/fricktaleroffiziere.ch\/index.php?rest_route=\/wp\/v2\/posts"}],"about":[{"href":"https:\/\/fricktaleroffiziere.ch\/index.php?rest_route=\/wp\/v2\/types\/post"}],"author":[{"embeddable":true,"href":"https:\/\/fricktaleroffiziere.ch\/index.php?rest_route=\/wp\/v2\/users\/28"}],"replies":[{"embeddable":true,"href":"https:\/\/fricktaleroffiziere.ch\/index.php?rest_route=%2Fwp%2Fv2%2Fcomments&post=4697"}],"version-history":[{"count":4,"href":"https:\/\/fricktaleroffiziere.ch\/index.php?rest_route=\/wp\/v2\/posts\/4697\/revisions"}],"predecessor-version":[{"id":4707,"href":"https:\/\/fricktaleroffiziere.ch\/index.php?rest_route=\/wp\/v2\/posts\/4697\/revisions\/4707"}],"wp:attachment":[{"href":"https:\/\/fricktaleroffiziere.ch\/index.php?rest_route=%2Fwp%2Fv2%2Fmedia&parent=4697"}],"wp:term":[{"taxonomy":"category","embeddable":true,"href":"https:\/\/fricktaleroffiziere.ch\/index.php?rest_route=%2Fwp%2Fv2%2Fcategories&post=4697"},{"taxonomy":"post_tag","embeddable":true,"href":"https:\/\/fricktaleroffiziere.ch\/index.php?rest_route=%2Fwp%2Fv2%2Ftags&post=4697"}],"curies":[{"name":"wp","href":"https:\/\/api.w.org\/{rel}","templated":true}]}}