{"id":4961,"date":"2017-07-10T21:33:40","date_gmt":"2017-07-10T20:33:40","guid":{"rendered":"http:\/\/fricktaleroffiziere.ch\/?p=4961"},"modified":"2017-07-10T21:40:38","modified_gmt":"2017-07-10T20:40:38","slug":"arbeitsbericht-des-vorstands-20","status":"publish","type":"post","link":"https:\/\/fricktaleroffiziere.ch\/?p=4961","title":{"rendered":"Arbeitsbericht des Vorstands"},"content":{"rendered":"<p>Die Sommersitzung wurde in Densb\u00fcren abgehalten. Dabei hat der Vorstand u.A. folgende Themen besprochen:<\/p>\n<ul>\n<li>Reorganisation SOG: Die Bestrebungen der SOG nun endlich eine Reorganisation ihrer Strukturen wird wohlwollend zur Kenntnis genommen. Dennoch k\u00f6nnen wir uns nicht zur\u00fccklehnen und kontrollieren, ob die erforderliche <strong>Effektivit\u00e4tssteigerungen<\/strong> zum Wohle unserer Armee\u00a0und nicht f\u00fcr Ap\u00e9ro-Offiziere auch wirklich realisiert werden k\u00f6nnen.<!--more--><\/li>\n<li>Finanzen: Die meisten Mitglieder haben den <strong>Mitgliederbeitrag 2017<\/strong> bezahlt. Die, die den Jahresbeitrag noch nicht bezahlt haben, bitten wir den Betrag auf unser Konto (CH03 0900 0000 5000 9688 1)\u00a0zu \u00fcberweisen.<\/li>\n<li>Spende Denkmal 5. Division: Im Villigerfeld\u00a0muss das in die Jahre gekommene <strong>Soldatendenkmal der 5. Divison<\/strong> renoviert werden. Zu diesem Zweck wurde ein Verein gegr\u00fcndet, der nun in einer ersten Phase Spendengelder sammelt, um die Restaurierung sicher zu stellen.<br \/>\nWer die <a href=\"https:\/\/www.dropbox.com\/s\/uctajbown80k2n0\/Flyer_Spendenaufruf_Denkmal_5_Div.pdf?dl=0\">Erhaltung des Milit\u00e4rdenkmals<\/a> unterst\u00fctzen m\u00f6chte, kann dies mit folgender IBAN tun: CH40 0830 7000 2828 7230 2 (z G Verein Restauration Denkmal 5. Division im Villigerfeld)<em><strong>.<\/strong><\/em><\/li>\n<li>Vorstand 2018: Unser Kassier, Oberstl Dimitri Papadopoulos, wird per n\u00e4chste GV aus dem Vorstand demissionieren. Wenn Sie sich gerne f\u00fcr unsere Sache engagieren und den Kassierposten \u00fcbernehmen, in einer anderen <strong>Funktion im Vorstand<\/strong> mitarbeiten m\u00f6chten oder eine unverbindliche Frage stellen m\u00f6chten, melden Sie sich beim Pr\u00e4sidenten, Oblt Markus Liebi (<a href=\"mailto:info@fricktaleroffiziere.ch\">info@fricktaleroffiziere.ch<\/a>, +41 79 487 91 37).<\/li>\n<li>Programm 2018: Das Jahresprogramm wird neben den traditionellen Quartalsrapporten auch noch andere Anl\u00e4sse enthalten. So ist unter Anderem die <strong>Besichtigung der neuen Kantonalen Notrufzentrale<\/strong> auf dem Programm.<br \/>\nDie Vereinsversammlung findet am 02.03.2018\u00a0im oberen Fricktal statt.<\/li>\n<li>Vereinskommunikation: Um einen der gr\u00f6ssten Budgetposten (Versandspesen) zu minimieren und die Information an unsere Mitglieder zu maximieren, werden <strong>Vers\u00e4nde in Zukunft<\/strong> vorzugsweise <strong>elektronisch<\/strong> versandt.<\/li>\n<li>Zum Schluss m\u00f6chten wir Sie noch auf unsere n\u00e4chsten Anl\u00e4sse aufmerksam machen: 12.07.2017, 1830, <a href=\"https:\/\/www.dropbox.com\/s\/ixjhvtns638w3qg\/2017Q3%20QR%20Sommer.pdf?dl=0\">Sommerrapport<\/a> (<a href=\"http:\/\/fricktaleroffiziere.ch\/qr\">An-\/Abmeldung<\/a>) und 20.09.2017, 1830\u00a0<a href=\"https:\/\/www.dropbox.com\/s\/dzgu9pc7gep2kr6\/FOG%20UMS%20SKELDAR%202017.pdf?dl=0\">Werkbesichtigung UMS Skeldar <\/a>(Drohnenproduktion im Fricktal, <a href=\"http:\/\/fricktaleroffiziere.ch\/umsskeldar\">An-\/Abmeldung<\/a>)<\/li>\n<\/ul>\n<p>&nbsp;<\/p>\n","protected":false},"excerpt":{"rendered":"<p>Die Sommersitzung wurde in Densb\u00fcren abgehalten. Dabei hat der Vorstand u.A. folgende Themen besprochen: Reorganisation SOG: Die Bestrebungen der SOG nun endlich eine Reorganisation ihrer Strukturen wird wohlwollend zur Kenntnis genommen. Dennoch k\u00f6nnen wir uns nicht zur\u00fccklehnen und kontrollieren, ob &hellip; <a href=\"https:\/\/fricktaleroffiziere.ch\/?p=4961\">Weiterlesen <span class=\"meta-nav\">&rarr;<\/span><\/a><\/p>\n","protected":false},"author":27,"featured_media":0,"comment_status":"open","ping_status":"open","sticky":false,"template":"","format":"standard","meta":{"_monsterinsights_skip_tracking":false,"_monsterinsights_sitenote_active":false,"_monsterinsights_sitenote_note":"","_monsterinsights_sitenote_category":0,"_s2mail":"yes","footnotes":""},"categories":[1],"tags":[],"class_list":["post-4961","post","type-post","status-publish","format-standard","hentry","category-allg"],"_links":{"self":[{"href":"https:\/\/fricktaleroffiziere.ch\/index.php?rest_route=\/wp\/v2\/posts\/4961","targetHints":{"allow":["GET"]}}],"collection":[{"href":"https:\/\/fricktaleroffiziere.ch\/index.php?rest_route=\/wp\/v2\/posts"}],"about":[{"href":"https:\/\/fricktaleroffiziere.ch\/index.php?rest_route=\/wp\/v2\/types\/post"}],"author":[{"embeddable":true,"href":"https:\/\/fricktaleroffiziere.ch\/index.php?rest_route=\/wp\/v2\/users\/27"}],"replies":[{"embeddable":true,"href":"https:\/\/fricktaleroffiziere.ch\/index.php?rest_route=%2Fwp%2Fv2%2Fcomments&post=4961"}],"version-history":[{"count":3,"href":"https:\/\/fricktaleroffiziere.ch\/index.php?rest_route=\/wp\/v2\/posts\/4961\/revisions"}],"predecessor-version":[{"id":4964,"href":"https:\/\/fricktaleroffiziere.ch\/index.php?rest_route=\/wp\/v2\/posts\/4961\/revisions\/4964"}],"wp:attachment":[{"href":"https:\/\/fricktaleroffiziere.ch\/index.php?rest_route=%2Fwp%2Fv2%2Fmedia&parent=4961"}],"wp:term":[{"taxonomy":"category","embeddable":true,"href":"https:\/\/fricktaleroffiziere.ch\/index.php?rest_route=%2Fwp%2Fv2%2Fcategories&post=4961"},{"taxonomy":"post_tag","embeddable":true,"href":"https:\/\/fricktaleroffiziere.ch\/index.php?rest_route=%2Fwp%2Fv2%2Ftags&post=4961"}],"curies":[{"name":"wp","href":"https:\/\/api.w.org\/{rel}","templated":true}]}}