{"id":4965,"date":"2017-07-12T22:55:14","date_gmt":"2017-07-12T21:55:14","guid":{"rendered":"http:\/\/fricktaleroffiziere.ch\/?p=4965"},"modified":"2017-07-15T19:45:25","modified_gmt":"2017-07-15T18:45:25","slug":"rueckblick-sommerrapport-zu-gast-bei-den-pontonieren-in-mumpf","status":"publish","type":"post","link":"https:\/\/fricktaleroffiziere.ch\/?p=4965","title":{"rendered":"R\u00fcckblick: Sommerrapport &#8211; Zu Gast bei den Pontonieren in Mumpf"},"content":{"rendered":"<p>&nbsp;<\/p>\n<p><img loading=\"lazy\" decoding=\"async\" class=\"alignright wp-image-4967\" style=\"font-size: 16px;\" src=\"http:\/\/fricktaleroffiziere.ch\/wp-content\/uploads\/2017\/07\/20170712_192634-e1500144072711-169x300.jpg\" alt=\"\" width=\"253\" height=\"450\" srcset=\"https:\/\/fricktaleroffiziere.ch\/wp-content\/uploads\/2017\/07\/20170712_192634-e1500144072711-169x300.jpg 169w, https:\/\/fricktaleroffiziere.ch\/wp-content\/uploads\/2017\/07\/20170712_192634-e1500144072711-768x1365.jpg 768w, https:\/\/fricktaleroffiziere.ch\/wp-content\/uploads\/2017\/07\/20170712_192634-e1500144072711-576x1024.jpg 576w\" sizes=\"auto, (max-width: 253px) 100vw, 253px\" \/><\/p>\n<p>F\u00fcr einmal auf dem Rhein und nicht im Restaurant wurde der diesj\u00e4hrige Sommerrapport der FOG abgehalten. Wir waren zu Gast bei den <a href=\"http:\/\/www.pontoniere-mumpf.ch\/\">Pontonieren Mumpf<\/a>.<!--more--> Wer mit der Rheinf\u00e4hre r\u00fcber zum Grossen Nachbarn wollte, konnte dies ebenso, wie sich im Pontonierboot, genauer einem \u00dcbersetzboot, mit eigener Muskelkraft auf dem Rhein\u00a0bewegen.<\/p>\n<p>Zuerst gab es aber eine Einf\u00fchrung von Urs Ankli,\u00a0welcher sowohl bei der FOG, als auch bei den Pontonieren Mitglied ist.<br \/>\nAn der Anlegestelle der <a href=\"https:\/\/mumpf.ch\/unser-dorf-1\/wissenswertes\/45-die-rheinf%C3%A4hre.html\">Rheinf\u00e4hre<\/a> wird erw\u00e4hnt, dass diese bereis 1535 erstmals urkundlich aufgef\u00fchrt wird. Sie ist seit jeher, ausser im Ersten und Zweiten Weltkrieg in Betrieb.<\/p>\n<p>&nbsp;<\/p>\n<p>&nbsp;<\/p>\n<p><img loading=\"lazy\" decoding=\"async\" class=\"wp-image-4969 alignleft\" src=\"http:\/\/fricktaleroffiziere.ch\/wp-content\/uploads\/2017\/07\/20170712_194410-300x169.jpg\" alt=\"\" width=\"261\" height=\"147\" srcset=\"https:\/\/fricktaleroffiziere.ch\/wp-content\/uploads\/2017\/07\/20170712_194410-300x169.jpg 300w, https:\/\/fricktaleroffiziere.ch\/wp-content\/uploads\/2017\/07\/20170712_194410-768x432.jpg 768w, https:\/\/fricktaleroffiziere.ch\/wp-content\/uploads\/2017\/07\/20170712_194410-1024x576.jpg 1024w\" sizes=\"auto, (max-width: 261px) 100vw, 261px\" \/><\/p>\n<p>Auch heutzutage kann jeweils an jedem Sonntag vom 1. Mai bis Ende September von 13:30-15:30 und 18:00-19:00 die F\u00e4hre benutzt werden. Hat heute die F\u00e4hre nur noch einen kulturellen und touristischen Wert, war sie fr\u00fcher eine wichtige \u00dcbersetzstelle f\u00fcr Grenzg\u00e4nger.<\/p>\n<p>Im Anschluss an die Rheinfahrt durften wir im Vereinslokal W\u00fcrste mit Brot und Salat geniessen.<br \/>\nWie gewohnt kamen dabei der pers\u00f6nliche Austausch \u00fcber milit\u00e4rische, aber auch andere Themen nicht zu kurz. Mit verschiedenen Kuchen wurde der Anlass w\u00fcrdig abgerundet.<\/p>\n<p>Wir freuen uns bereits auf den n\u00e4chsten Quartalsrapport am 11. Oktober um 18:30 im Gasthof L\u00f6wen in Herznach. Es warten Wildspezialit\u00e4ten sowie die M\u00f6glichkeit einmal in einem Schiesskino seine Schiessk\u00fcnste zum Besten zu geben. Anmeldung ist ab sofort unter diesem <a href=\"http:\/\/doodle.com\/poll\/ysmit8ptnvxar64b\">Link<\/a> m\u00f6glich.<\/p>\n<p>&nbsp;<\/p>\n<p><img loading=\"lazy\" decoding=\"async\" class=\"wp-image-4968 aligncenter\" src=\"http:\/\/fricktaleroffiziere.ch\/wp-content\/uploads\/2017\/07\/20170712_193238-300x169.jpg\" alt=\"\" width=\"381\" height=\"214\" srcset=\"https:\/\/fricktaleroffiziere.ch\/wp-content\/uploads\/2017\/07\/20170712_193238-300x169.jpg 300w, https:\/\/fricktaleroffiziere.ch\/wp-content\/uploads\/2017\/07\/20170712_193238-768x432.jpg 768w, https:\/\/fricktaleroffiziere.ch\/wp-content\/uploads\/2017\/07\/20170712_193238-1024x576.jpg 1024w\" sizes=\"auto, (max-width: 381px) 100vw, 381px\" \/><\/p>\n","protected":false},"excerpt":{"rendered":"<p>&nbsp; F\u00fcr einmal auf dem Rhein und nicht im Restaurant wurde der diesj\u00e4hrige Sommerrapport der FOG abgehalten. Wir waren zu Gast bei den Pontonieren Mumpf.<\/p>\n","protected":false},"author":27,"featured_media":0,"comment_status":"open","ping_status":"open","sticky":false,"template":"","format":"standard","meta":{"_monsterinsights_skip_tracking":false,"_monsterinsights_sitenote_active":false,"_monsterinsights_sitenote_note":"","_monsterinsights_sitenote_category":0,"_s2mail":"yes","footnotes":""},"categories":[362,1,317,53,57,48],"tags":[100,288,320],"class_list":["post-4965","post","type-post","status-publish","format-standard","hentry","category-362","category-allg","category-berichte","category-fog","category-kommunikation","category-veranstaltungen","tag-fricktal","tag-quartals-rapport","tag-veranstaltungen"],"_links":{"self":[{"href":"https:\/\/fricktaleroffiziere.ch\/index.php?rest_route=\/wp\/v2\/posts\/4965","targetHints":{"allow":["GET"]}}],"collection":[{"href":"https:\/\/fricktaleroffiziere.ch\/index.php?rest_route=\/wp\/v2\/posts"}],"about":[{"href":"https:\/\/fricktaleroffiziere.ch\/index.php?rest_route=\/wp\/v2\/types\/post"}],"author":[{"embeddable":true,"href":"https:\/\/fricktaleroffiziere.ch\/index.php?rest_route=\/wp\/v2\/users\/27"}],"replies":[{"embeddable":true,"href":"https:\/\/fricktaleroffiziere.ch\/index.php?rest_route=%2Fwp%2Fv2%2Fcomments&post=4965"}],"version-history":[{"count":11,"href":"https:\/\/fricktaleroffiziere.ch\/index.php?rest_route=\/wp\/v2\/posts\/4965\/revisions"}],"predecessor-version":[{"id":4979,"href":"https:\/\/fricktaleroffiziere.ch\/index.php?rest_route=\/wp\/v2\/posts\/4965\/revisions\/4979"}],"wp:attachment":[{"href":"https:\/\/fricktaleroffiziere.ch\/index.php?rest_route=%2Fwp%2Fv2%2Fmedia&parent=4965"}],"wp:term":[{"taxonomy":"category","embeddable":true,"href":"https:\/\/fricktaleroffiziere.ch\/index.php?rest_route=%2Fwp%2Fv2%2Fcategories&post=4965"},{"taxonomy":"post_tag","embeddable":true,"href":"https:\/\/fricktaleroffiziere.ch\/index.php?rest_route=%2Fwp%2Fv2%2Ftags&post=4965"}],"curies":[{"name":"wp","href":"https:\/\/api.w.org\/{rel}","templated":true}]}}