{"id":5149,"date":"2018-08-29T14:52:14","date_gmt":"2018-08-29T13:52:14","guid":{"rendered":"http:\/\/fricktaleroffiziere.ch\/?p=5149"},"modified":"2018-08-29T14:52:14","modified_gmt":"2018-08-29T13:52:14","slug":"mehr-gold-mehr-sold-mehr-wuerde-mehr-buerde-neubrevetiertenrapport-2018","status":"publish","type":"post","link":"https:\/\/fricktaleroffiziere.ch\/?p=5149","title":{"rendered":"&#8220;Mehr Gold, mehr Sold &#8211; mehr W\u00fcrde, mehr B\u00fcrde&#8221; &#8211; Neubrevetiertenrapport 2018"},"content":{"rendered":"<p><img loading=\"lazy\" decoding=\"async\" class=\"size-medium wp-image-5150 alignleft\" src=\"http:\/\/fricktaleroffiziere.ch\/wp-content\/uploads\/2018\/08\/Anlass-f\u00fcr-neubrev-Of-024-300x169.jpg\" alt=\"\" width=\"300\" height=\"169\" srcset=\"https:\/\/fricktaleroffiziere.ch\/wp-content\/uploads\/2018\/08\/Anlass-f\u00fcr-neubrev-Of-024-300x169.jpg 300w, https:\/\/fricktaleroffiziere.ch\/wp-content\/uploads\/2018\/08\/Anlass-f\u00fcr-neubrev-Of-024-768x432.jpg 768w, https:\/\/fricktaleroffiziere.ch\/wp-content\/uploads\/2018\/08\/Anlass-f\u00fcr-neubrev-Of-024-1024x576.jpg 1024w\" sizes=\"auto, (max-width: 300px) 100vw, 300px\" \/><\/p>\n<p>Im Verlauf dieses Jahres wurden 93 neue Offiziere aus dem Kanton Aargau brevetiert. Regierungsr\u00e4tin Franziska Roth, Milit\u00e4rdirektorin des Kantons Aargau, lud die neu brevetierten Offiziere am Dienstag, 21. August, in die Kaserne Aarau ein.\u00a0<!--more-->Aus der Region Fricktal und zugewandte Orte nahmen folgende neu brevetierte Offiziere teil: Lt Linus Dickmann (Rheinfelden), Lt Denis-Steven Galfano (Full-Reuenthal), Lt Lars Hirt (Zeiningen), Lt Mathias Lantsch (Frick).<\/p>\n<p><img loading=\"lazy\" decoding=\"async\" class=\" wp-image-5151 alignright\" style=\"font-size: 16px;\" src=\"http:\/\/fricktaleroffiziere.ch\/wp-content\/uploads\/2018\/08\/Anlass-f\u00fcr-neubrev-Of-046-300x169.jpg\" alt=\"\" width=\"323\" height=\"182\" srcset=\"https:\/\/fricktaleroffiziere.ch\/wp-content\/uploads\/2018\/08\/Anlass-f\u00fcr-neubrev-Of-046-300x169.jpg 300w, https:\/\/fricktaleroffiziere.ch\/wp-content\/uploads\/2018\/08\/Anlass-f\u00fcr-neubrev-Of-046-768x432.jpg 768w, https:\/\/fricktaleroffiziere.ch\/wp-content\/uploads\/2018\/08\/Anlass-f\u00fcr-neubrev-Of-046-1024x576.jpg 1024w\" sizes=\"auto, (max-width: 323px) 100vw, 323px\" \/><\/p>\n<p>Am Rapport f\u00fcr die neu brevetierten Offiziere legte Roger Keller, Regionen-leiter Aarau der Neuen Aargauer Bank, seine Sicht auf den Mehrwert einer milit\u00e4rischen F\u00fchrungsausbildung f\u00fcr die Wirtschaft dar. Er ermunterte die jungen Offiziere, ihre praktische F\u00fchrungserfahrung in ihrer beruflichen T\u00e4tigkeit einzubringen.<\/p>\n<p>In ihrer Ansprache an die neu brevetierten Offiziere gratulierte die Milit\u00e4rdirektorin den jungen Offizieren zur bestandenen Offiziersschule. &#8220;Die Bef\u00f6rderung zum Leutnant bringt mehr Gold an die Uniform, mehr Sold in der Tasche, aber mit der neuen W\u00fcrde ist auch B\u00fcrde verbunden&#8221;, meinte die Milit\u00e4rdirektorin: &#8220;Sie sind nun verantwortlich f\u00fcr die Ihnen anvertraute Truppe.&#8221;<\/p>\n<p>Die Fricktalische Offiziersgesellschaft begr\u00fcsste mit einer Zweierdelegation bestehend aus Hptm Michel Ingold und Oblt Markus Liebi die potentiellen Mitglieder.<br \/>\nDer Rapport wird einmal im Jahr durch das Kreiskommando Aargau organisiert. Eingeladen sind auch die Pr\u00e4sidenten der Aargauer Offiziersgesellschaften. Es nahmen insgesamt 70 Personen an diesem Anlass teil.<a href=\"http:\/\/fricktaleroffiziere.ch\/wp-content\/uploads\/2018\/08\/OG-Fricktal.jpg\"><img loading=\"lazy\" decoding=\"async\" class=\" wp-image-5154 aligncenter\" src=\"http:\/\/fricktaleroffiziere.ch\/wp-content\/uploads\/2018\/08\/OG-Fricktal-300x169.jpg\" alt=\"\" width=\"478\" height=\"269\" srcset=\"https:\/\/fricktaleroffiziere.ch\/wp-content\/uploads\/2018\/08\/OG-Fricktal-300x169.jpg 300w, https:\/\/fricktaleroffiziere.ch\/wp-content\/uploads\/2018\/08\/OG-Fricktal-768x432.jpg 768w, https:\/\/fricktaleroffiziere.ch\/wp-content\/uploads\/2018\/08\/OG-Fricktal-1024x576.jpg 1024w\" sizes=\"auto, (max-width: 478px) 100vw, 478px\" \/><\/a><\/p>\n","protected":false},"excerpt":{"rendered":"<p>Im Verlauf dieses Jahres wurden 93 neue Offiziere aus dem Kanton Aargau brevetiert. Regierungsr\u00e4tin Franziska Roth, Milit\u00e4rdirektorin des Kantons Aargau, lud die neu brevetierten Offiziere am Dienstag, 21. August, in die Kaserne Aarau ein.\u00a0<\/p>\n","protected":false},"author":27,"featured_media":0,"comment_status":"open","ping_status":"open","sticky":false,"template":"","format":"standard","meta":{"_monsterinsights_skip_tracking":false,"_monsterinsights_sitenote_active":false,"_monsterinsights_sitenote_note":"","_monsterinsights_sitenote_category":0,"_s2mail":"yes","footnotes":""},"categories":[373,72,1,75,317,53,84,48],"tags":[385,325,386,337,384],"class_list":["post-5149","post","type-post","status-publish","format-standard","hentry","category-373","category-aargau","category-allg","category-aog","category-berichte","category-fog","category-kr-kdo-ag","category-veranstaltungen","tag-aspriranten","tag-beforderungen","tag-begruessung","tag-kr-kdo-ag","tag-neubrevetiertenrapport"],"_links":{"self":[{"href":"https:\/\/fricktaleroffiziere.ch\/index.php?rest_route=\/wp\/v2\/posts\/5149","targetHints":{"allow":["GET"]}}],"collection":[{"href":"https:\/\/fricktaleroffiziere.ch\/index.php?rest_route=\/wp\/v2\/posts"}],"about":[{"href":"https:\/\/fricktaleroffiziere.ch\/index.php?rest_route=\/wp\/v2\/types\/post"}],"author":[{"embeddable":true,"href":"https:\/\/fricktaleroffiziere.ch\/index.php?rest_route=\/wp\/v2\/users\/27"}],"replies":[{"embeddable":true,"href":"https:\/\/fricktaleroffiziere.ch\/index.php?rest_route=%2Fwp%2Fv2%2Fcomments&post=5149"}],"version-history":[{"count":4,"href":"https:\/\/fricktaleroffiziere.ch\/index.php?rest_route=\/wp\/v2\/posts\/5149\/revisions"}],"predecessor-version":[{"id":5158,"href":"https:\/\/fricktaleroffiziere.ch\/index.php?rest_route=\/wp\/v2\/posts\/5149\/revisions\/5158"}],"wp:attachment":[{"href":"https:\/\/fricktaleroffiziere.ch\/index.php?rest_route=%2Fwp%2Fv2%2Fmedia&parent=5149"}],"wp:term":[{"taxonomy":"category","embeddable":true,"href":"https:\/\/fricktaleroffiziere.ch\/index.php?rest_route=%2Fwp%2Fv2%2Fcategories&post=5149"},{"taxonomy":"post_tag","embeddable":true,"href":"https:\/\/fricktaleroffiziere.ch\/index.php?rest_route=%2Fwp%2Fv2%2Ftags&post=5149"}],"curies":[{"name":"wp","href":"https:\/\/api.w.org\/{rel}","templated":true}]}}