{"id":6053,"date":"2019-02-19T12:23:01","date_gmt":"2019-02-19T11:23:01","guid":{"rendered":"http:\/\/fricktaleroffiziere.ch\/?p=6053"},"modified":"2019-02-19T12:24:17","modified_gmt":"2019-02-19T11:24:17","slug":"jahresprogramm-arbeitsbericht-des-vorstandes","status":"publish","type":"post","link":"https:\/\/fricktaleroffiziere.ch\/?p=6053","title":{"rendered":"Jahresprogramm\/Arbeitsbericht des Vorstandes"},"content":{"rendered":"<p>In der Vorstandssitzung der FOG, welche nun schon ein bisschen zur\u00fcckliegt wurde schwergewichtig das <strong>Jahresprogramm<\/strong> verabschiedet. Auch dieses Jahr sind wir \u00fcberzeugt, ein abwechslungsreiches und f\u00fcr alle Anspruchsgruppen interessantes Programm bieten zu k\u00f6nnen.<!--more--><br \/>\nNeben den Standartanl\u00e4ssen wie <a href=\"https:\/\/fricktaleroffiziere.ch\/vv\"><strong>Vereinsversammlung<\/strong><\/a> und <strong><a href=\"https:\/\/fricktaleroffiziere.ch\/qr\">Quartalsrapporten<\/a><\/strong> haben wir bew\u00e4hrtes (<a href=\"https:\/\/fricktaleroffiziere.ch\/25m\"><strong>Pistolenschiessen 25m mit Damenbegleitung<\/strong><\/a>, <a href=\"https:\/\/fricktaleroffiziere.ch\/doublette\"><strong>Doublette<\/strong><\/a>, <a href=\"https:\/\/fricktaleroffiziere.ch\/isw\"><strong>ISW<\/strong><\/a>, U ESCAPE) wie auch neues (Verpflegungsstand am Convoy to Remember, Baustellenbegehung B\u00f6zbergtunnel, Truppenbesuch Inf OS) gefunden, um unseren Mitgliedern ein aktives Vereinsjahr bieten zu k\u00f6nnen.<br \/>\nDas vollst\u00e4ndige Jahresprogramm kann unter folgendem <a href=\"https:\/\/www.dropbox.com\/s\/45ru3ou1defirpv\/Jahresprogramm%202019.pdf?dl=0\">Link<\/a> oder in unserem Online-Kalender abgerufen werden.<\/p>\n<p>Weitere Berichte aus der Vorstandssitzung:<\/p>\n<ul>\n<li>SOG: Die <strong>Reform der SOG<\/strong> ist auf einem guten Weg. Die abgeleiteten Konsequenzen konnten ihre Wirkung gr\u00f6sstenteils bereits entfalten. Die Teilprojekte Stiftung, Finanzen und Generalsekretariat konnten bereits mit gut bis sehr guten Ergebnissen abgeschlossen werden. An der DV vom 16.03.2019 in Einsiedeln wird auch der Grundstein f\u00fcr das vierte Teilprojekt, die Organisation und Struktur der SOG, gelegt.<br \/>\n<a href=\"https:\/\/sog.ch\/2019\/01\/newsletter-ii-18\/\">Newsletter<\/a><\/li>\n<li>AOG: Mit Oberstlt i Gst Ueli Price haben wir einen aktiven Pr\u00e4sidenten, welcher sich im Interesse der Aargauer Offiziersgesellschaften einsetzt. Im vergangenen Jahr konnten bereits gewisse Aktivit\u00e4ten, z B der Gedenkanlass in der Mitte des Aargaus, durchgef\u00fchrt werden. Auch dieses Jahr wird an den <a href=\"https:\/\/www.festungsmuseum.ch\/aktivitaeten\/veranstaltungen\/\">2. Aargauer Bunkertagen<\/a>, bei welchen wiederum ein <strong>Gedenkanlass<\/strong> stattfinden wird, die AOG pr\u00e4sent sein.<\/li>\n<li>FOG <strong>Vorstand<\/strong>: Das vergangene Jahr konnte mit einem effizient arbeitenden Vorstand erfolgreich bestritten werden. Jedoch sind wir immer noch auf der Suche nach einem Kassier und\/oder Beisitzer in unserem Vorstand. Sind Sie daran interessiert, Ihr K\u00f6nnen zu Gunsten der Fricktalischen Offiziersgesellschaft auch im Vorstand einzubringen? Der Arbeitsaufwand h\u00e4lt sich mit drei Sitzungen im Jahr in Grenzen und ist auch bei einem anspruchsvollen Beruf machbar. Wer Interesse hat, melde sich beim Pr\u00e4sidenten (info@fricktaleroffiziere.ch, +41 79 487 91 37). Auch ein unverbindliches &#8220;Reinschnuppern&#8221; ist m\u00f6glich.<\/li>\n<\/ul>\n<p>Ich freue mich auf ein weiteres interessantes Vereinsjahr in der Fricktalischen Offiziersgesellschaft und bedanke mich f\u00fcr Ihr Vertrauen im letzten Jahr.<\/p>\n<p>Oblt Markus Liebi<br \/>\nPr\u00e4sident<\/p>\n","protected":false},"excerpt":{"rendered":"<p>In der Vorstandssitzung der FOG, welche nun schon ein bisschen zur\u00fcckliegt wurde schwergewichtig das Jahresprogramm verabschiedet. Auch dieses Jahr sind wir \u00fcberzeugt, ein abwechslungsreiches und f\u00fcr alle Anspruchsgruppen interessantes Programm bieten zu k\u00f6nnen.<\/p>\n","protected":false},"author":27,"featured_media":0,"comment_status":"open","ping_status":"open","sticky":false,"template":"","format":"standard","meta":{"_monsterinsights_skip_tracking":false,"_monsterinsights_sitenote_active":false,"_monsterinsights_sitenote_note":"","_monsterinsights_sitenote_category":0,"_s2mail":"yes","footnotes":""},"categories":[387,1,317,53,57,45],"tags":[374,100,324,319],"class_list":["post-6053","post","type-post","status-publish","format-standard","hentry","category-387","category-allg","category-berichte","category-fog","category-kommunikation","category-vorstand","tag-arbeitsbericht","tag-fricktal","tag-kommunikation","tag-vorstand"],"_links":{"self":[{"href":"https:\/\/fricktaleroffiziere.ch\/index.php?rest_route=\/wp\/v2\/posts\/6053","targetHints":{"allow":["GET"]}}],"collection":[{"href":"https:\/\/fricktaleroffiziere.ch\/index.php?rest_route=\/wp\/v2\/posts"}],"about":[{"href":"https:\/\/fricktaleroffiziere.ch\/index.php?rest_route=\/wp\/v2\/types\/post"}],"author":[{"embeddable":true,"href":"https:\/\/fricktaleroffiziere.ch\/index.php?rest_route=\/wp\/v2\/users\/27"}],"replies":[{"embeddable":true,"href":"https:\/\/fricktaleroffiziere.ch\/index.php?rest_route=%2Fwp%2Fv2%2Fcomments&post=6053"}],"version-history":[{"count":2,"href":"https:\/\/fricktaleroffiziere.ch\/index.php?rest_route=\/wp\/v2\/posts\/6053\/revisions"}],"predecessor-version":[{"id":6055,"href":"https:\/\/fricktaleroffiziere.ch\/index.php?rest_route=\/wp\/v2\/posts\/6053\/revisions\/6055"}],"wp:attachment":[{"href":"https:\/\/fricktaleroffiziere.ch\/index.php?rest_route=%2Fwp%2Fv2%2Fmedia&parent=6053"}],"wp:term":[{"taxonomy":"category","embeddable":true,"href":"https:\/\/fricktaleroffiziere.ch\/index.php?rest_route=%2Fwp%2Fv2%2Fcategories&post=6053"},{"taxonomy":"post_tag","embeddable":true,"href":"https:\/\/fricktaleroffiziere.ch\/index.php?rest_route=%2Fwp%2Fv2%2Ftags&post=6053"}],"curies":[{"name":"wp","href":"https:\/\/api.w.org\/{rel}","templated":true}]}}