{"id":6261,"date":"2019-03-26T14:07:52","date_gmt":"2019-03-26T13:07:52","guid":{"rendered":"http:\/\/fricktaleroffiziere.ch\/?p=6261"},"modified":"2019-03-26T14:09:12","modified_gmt":"2019-03-26T13:09:12","slug":"jahresbericht-2018-der-fricktalischen-offiziersgesellschaft","status":"publish","type":"post","link":"https:\/\/fricktaleroffiziere.ch\/?p=6261","title":{"rendered":"Jahresbericht 2018 der Fricktalischen Offiziersgesellschaft"},"content":{"rendered":"<p><strong>&#8220;Wenn es einen Weg gibt, etwas besser zu machen, finde ihn.&#8221; \u2013 Thomas A. Edison<\/strong><\/p>\n<p><a href=\"http:\/\/fricktaleroffiziere.ch\/wp-content\/uploads\/2018\/03\/IMG_20180302_220446.jpg\"><img loading=\"lazy\" decoding=\"async\" class=\"alignright wp-image-5063 size-medium\" src=\"http:\/\/fricktaleroffiziere.ch\/wp-content\/uploads\/2018\/03\/IMG_20180302_220446-300x224.jpg\" alt=\"\" width=\"300\" height=\"224\" srcset=\"https:\/\/fricktaleroffiziere.ch\/wp-content\/uploads\/2018\/03\/IMG_20180302_220446-300x224.jpg 300w, https:\/\/fricktaleroffiziere.ch\/wp-content\/uploads\/2018\/03\/IMG_20180302_220446-768x574.jpg 768w, https:\/\/fricktaleroffiziere.ch\/wp-content\/uploads\/2018\/03\/IMG_20180302_220446-1024x766.jpg 1024w\" sizes=\"auto, (max-width: 300px) 100vw, 300px\" \/><\/a><\/p>\n<p>2. M\u00e4rz 2018 \u2013 die erste Vereinsversammlung des jungen Pr\u00e4sidenten, 2018 sein zweites Vereinsjahr. Es stand im Zeichen der kantonalen Sicherheitspolitik. Angefangen mit dem Referat von Oberst i Gst Dieter Wicki, Leiter des AMB Kt AG und Mitglied der FOG, wo wir Einblicke in die kantonale Sicherheitspolitik erhielten, \u00fcber die alle drei Jahre stattfindende Generalversammlung der Aargauischen Offiziersgesellschaft, wo ein Pr\u00e4sidentenwechsel anstand bis hin zu unserem Spezialanlass in der Kantonalen Notrufzentrale in Aarau.<!--more--><\/p>\n<p>Mit der \u00dcbung &#8220;Escape&#8221; wurde die Idee einer Veranstaltung zur Ausbildung im Bereich der F\u00fchrungst\u00e4tigkeiten 5+2 in die Tat umgesetzt. In Basel versuchte eine kleine Gruppe rechtzeitig das R\u00e4tsel um den verschwundenen Professor zu l\u00f6sen. Obwohl der erste Raum in Rekordzeit (Angabe der Spielleiterin) passiert werden konnte, reichte die Zeit nicht, den zweiten und dritten Raum innerhalb der vorgegebenen Zeit zu verlassen. Das ruft nach einer Revanche im n\u00e4chsten Jahr. Dieses Mal jedoch im Herbst, um vielleicht eine gr\u00f6ssere Gruppe nach Basel zu bewegen.<\/p>\n<p>&nbsp;<\/p>\n<p><a href=\"http:\/\/fricktaleroffiziere.ch\/wp-content\/uploads\/2018\/04\/P1050442.jpg\"><img loading=\"lazy\" decoding=\"async\" class=\"alignleft wp-image-5084\" src=\"http:\/\/fricktaleroffiziere.ch\/wp-content\/uploads\/2018\/04\/P1050442-300x225.jpg\" alt=\"\" width=\"239\" height=\"179\" srcset=\"https:\/\/fricktaleroffiziere.ch\/wp-content\/uploads\/2018\/04\/P1050442-300x225.jpg 300w, https:\/\/fricktaleroffiziere.ch\/wp-content\/uploads\/2018\/04\/P1050442-768x576.jpg 768w, https:\/\/fricktaleroffiziere.ch\/wp-content\/uploads\/2018\/04\/P1050442-1024x768.jpg 1024w\" sizes=\"auto, (max-width: 239px) 100vw, 239px\" \/><\/a>Am Fr\u00fchlingsrapport, nachdem uns die Sicherheitsorganisation im Novartis-Werk Stein n\u00e4hergebracht wurde, konnten wir unser traditionelles Men\u00fc am Fr\u00fchlingsrapport, Spargeln a D (\u00e0 discr\u00e9tion) geniessen. Ein bew\u00e4hrter Anlass, welcher nun schon mehrere Jahre erfolgreich im Restaurant Post, B\u00f6zen durchgef\u00fchrt wird.<\/p>\n<p>&nbsp;<\/p>\n<p><a href=\"http:\/\/fricktaleroffiziere.ch\/wp-content\/uploads\/2018\/07\/P1050457.jpg\"><img loading=\"lazy\" decoding=\"async\" class=\"size-medium wp-image-5105 alignright\" src=\"http:\/\/fricktaleroffiziere.ch\/wp-content\/uploads\/2018\/07\/P1050457-300x225.jpg\" alt=\"\" width=\"300\" height=\"225\" srcset=\"https:\/\/fricktaleroffiziere.ch\/wp-content\/uploads\/2018\/07\/P1050457-300x225.jpg 300w, https:\/\/fricktaleroffiziere.ch\/wp-content\/uploads\/2018\/07\/P1050457-768x576.jpg 768w, https:\/\/fricktaleroffiziere.ch\/wp-content\/uploads\/2018\/07\/P1050457-1024x768.jpg 1024w\" sizes=\"auto, (max-width: 300px) 100vw, 300px\" \/><\/a>Ab Mai stand dann das Schiessen im Zentrum. Mit dem Doublettenschiessen, wo Feldschiessen und das Obligatorische auf 300m und 50m alles an einem Abend geschossen werden konnte, im Inland und gut einen Monat sp\u00e4ter im Ausland am internationalen Schiesswettbewerb &#8220;Eschbach&#8221; in Bruchsal. Bei sch\u00f6nstem Wetter konnten unsere Sch\u00fctzen ihr K\u00f6nnen unter Beweis stellen. Mit mehr oder weniger Erfolg. Am Abend folgte dann der Austausch mit unseren internationalen Kameraden. Die von den Amerikanern versprochenen Hamburger sind jedoch bis heute nicht eingetroffen. Zur\u00fcck in der Schweiz folgte der Sommerrapport neben dem Feldschl\u00f6sschen im Restaurant Feldschl\u00f6sschen.<\/p>\n<p><a href=\"http:\/\/fricktaleroffiziere.ch\/wp-content\/uploads\/2018\/08\/P1050592.jpg\"><img loading=\"lazy\" decoding=\"async\" class=\"size-medium wp-image-5161 alignright\" src=\"http:\/\/fricktaleroffiziere.ch\/wp-content\/uploads\/2018\/08\/P1050592-300x225.jpg\" alt=\"\" width=\"300\" height=\"225\" srcset=\"https:\/\/fricktaleroffiziere.ch\/wp-content\/uploads\/2018\/08\/P1050592-300x225.jpg 300w, https:\/\/fricktaleroffiziere.ch\/wp-content\/uploads\/2018\/08\/P1050592-768x576.jpg 768w, https:\/\/fricktaleroffiziere.ch\/wp-content\/uploads\/2018\/08\/P1050592-1024x768.jpg 1024w\" sizes=\"auto, (max-width: 300px) 100vw, 300px\" \/><\/a>112, 117, 118, 144 \u2013 das sind die Nummern, welche in der Kantonalen Notrufzentrale in der Telli in Aarau zusammenkommen. Die von unserem Vorstandsmitglied Andr\u00e9 Zumsteg, seines Zeichens Chef F\u00fchrung und Einsatz der Kantonspolizei Aargau, vermittelte F\u00fchrung durch die 2017 er\u00f6ffnete Nervenzentrale der aargauischen Notrufdienste war nicht nur ein informativer Anlass, sondern auch unser unter dem Patronat der AOG stehender, zusammen mit der OG Aarau unter Einbezug der G\/ABC\/Rttg OS aus Bremgarten durchgef\u00fchrter Beitrag zur Neumitgliedergewinnung der Offiziersgesellschaften.<\/p>\n<p>Herbstrapport am zweiten Mittwoch im Oktober \u2013 ein weiterer traditioneller Anlass in unserem Jahresprogramm. Christoph von B\u00fcren stellte uns das Regionale F\u00fchrungsorgan Unteres Fricktal vor. Wie viele Organisationen, sucht auch das RFO stets neue Stabsmitarbeiter. Erfahrungen im Bereich Krisenmanagement und\/oder milit\u00e4rische Stabsarbeit sind von Vorteil. Bei Interesse einfach melden!<\/p>\n<p><a href=\"http:\/\/fricktaleroffiziere.ch\/wp-content\/uploads\/2019\/01\/IMG_20190109_194558.jpg\"><img loading=\"lazy\" decoding=\"async\" class=\"alignleft size-medium wp-image-5446\" src=\"http:\/\/fricktaleroffiziere.ch\/wp-content\/uploads\/2019\/01\/IMG_20190109_194558-300x225.jpg\" alt=\"\" width=\"300\" height=\"225\" srcset=\"https:\/\/fricktaleroffiziere.ch\/wp-content\/uploads\/2019\/01\/IMG_20190109_194558-300x225.jpg 300w, https:\/\/fricktaleroffiziere.ch\/wp-content\/uploads\/2019\/01\/IMG_20190109_194558-768x576.jpg 768w, https:\/\/fricktaleroffiziere.ch\/wp-content\/uploads\/2019\/01\/IMG_20190109_194558-1024x768.jpg 1024w\" sizes=\"auto, (max-width: 300px) 100vw, 300px\" \/><\/a>Mit diesem Anlass wurde das Vereinsjahr im Jahr 2018 bereits beendet. Jedoch bereits im Januar wurde das neue Jahr bei Fondue in Peter Str\u00fcbins Besenbeiz eingel\u00e4utet. Als Prognose Of konnte Herman Herzog gek\u00fcrt werden. Den zweiten und dritten Platz belegten Martin Nieder\u00f6st und Werner T. M\u00fcller.<\/p>\n<p>Ein solches Jahr gestaltet sich nicht von selbst. Der Vorstand konnte die Arbeit aber effizient in drei Sitzungen \u00e0 ca 1.25 h und nat\u00fcrlich den nicht gez\u00e4hlten Stunden f\u00fcr das Mitgliederwesen durch Bruno T\u00fcscher, als Aktuar und Kassier a i Marvin Gorkiewicz und als Verbindungsof f\u00fcr die Of a D Andr\u00e9 Zumsteg. Die Erstellung des Jahresprogramms durch Michel Ingold verdient besondere Erw\u00e4hnung. Jedes Jahr findet er den richtigen Mix zwischen bew\u00e4hrten Anl\u00e4ssen und neuen Ideen. Es ist wirklich f\u00fcr jeden etwas dabei. Dem gesamten Vorstand sei die konstruktive Mitarbeit und die gegenseitige Unterst\u00fctzung in gr\u00f6sster Weise verdankt.<\/p>\n<p>Auch die Sitzungen des Vorstandes der Aargauischen Offiziersgesellschaft, welcher aus den Sektionspr\u00e4sidenten, Simon Bolliger als Kassier und Ueli Price als neu gew\u00e4hlter Pr\u00e4sident besteht, konnten effektiv abgehandelt werden. Die AOG konnte sich als aktive aber auch kritische kantonale Offiziersgesellschaft sowohl innerhalb des Kantons wie auch auf eidgen\u00f6ssischer Ebene positionieren.<\/p>\n<p>Das Vereinsjahr 2018 kann durchaus als Erfolg betitelt werden. Auch wenn es sicher auf der einen oder anderen Seite Optimierungspotential. Ganz im Sinne des anfangs erw\u00e4hnten Zitates werden wir stetig versuchen, nach dem Besten zu streben. Ich bin \u00fcberzeugt, dass wir mit unserem guten Vorstand, welcher an der GV hoffentlich wieder um ein Mitglied aufgestockt werden wird, wiederum ein abwechslungsreiches Programm bieten k\u00f6nnen. Wir freuen uns, auch dieses Jahr wieder viele von unseren Mitgliedern an den Anl\u00e4ssen begr\u00fcssen zu d\u00fcrfen. Es lohnt sich!<\/p>\n<p>M\u00f6hlin, 22.03.2019<\/p>\n","protected":false},"excerpt":{"rendered":"<p>&#8220;Wenn es einen Weg gibt, etwas besser zu machen, finde ihn.&#8221; \u2013 Thomas A. Edison 2. M\u00e4rz 2018 \u2013 die erste Vereinsversammlung des jungen Pr\u00e4sidenten, 2018 sein zweites Vereinsjahr. Es stand im Zeichen der kantonalen Sicherheitspolitik. Angefangen mit dem Referat &hellip; <a href=\"https:\/\/fricktaleroffiziere.ch\/?p=6261\">Weiterlesen <span class=\"meta-nav\">&rarr;<\/span><\/a><\/p>\n","protected":false},"author":27,"featured_media":0,"comment_status":"open","ping_status":"open","sticky":false,"template":"","format":"standard","meta":{"_monsterinsights_skip_tracking":false,"_monsterinsights_sitenote_active":false,"_monsterinsights_sitenote_note":"","_monsterinsights_sitenote_category":0,"_s2mail":"yes","footnotes":""},"categories":[387,1,317,53,375,45],"tags":[100,118,324,320],"class_list":["post-6261","post","type-post","status-publish","format-standard","hentry","category-387","category-allg","category-berichte","category-fog","category-jahresbericht","category-vorstand","tag-fricktal","tag-jahresbericht","tag-kommunikation","tag-veranstaltungen"],"_links":{"self":[{"href":"https:\/\/fricktaleroffiziere.ch\/index.php?rest_route=\/wp\/v2\/posts\/6261","targetHints":{"allow":["GET"]}}],"collection":[{"href":"https:\/\/fricktaleroffiziere.ch\/index.php?rest_route=\/wp\/v2\/posts"}],"about":[{"href":"https:\/\/fricktaleroffiziere.ch\/index.php?rest_route=\/wp\/v2\/types\/post"}],"author":[{"embeddable":true,"href":"https:\/\/fricktaleroffiziere.ch\/index.php?rest_route=\/wp\/v2\/users\/27"}],"replies":[{"embeddable":true,"href":"https:\/\/fricktaleroffiziere.ch\/index.php?rest_route=%2Fwp%2Fv2%2Fcomments&post=6261"}],"version-history":[{"count":8,"href":"https:\/\/fricktaleroffiziere.ch\/index.php?rest_route=\/wp\/v2\/posts\/6261\/revisions"}],"predecessor-version":[{"id":6269,"href":"https:\/\/fricktaleroffiziere.ch\/index.php?rest_route=\/wp\/v2\/posts\/6261\/revisions\/6269"}],"wp:attachment":[{"href":"https:\/\/fricktaleroffiziere.ch\/index.php?rest_route=%2Fwp%2Fv2%2Fmedia&parent=6261"}],"wp:term":[{"taxonomy":"category","embeddable":true,"href":"https:\/\/fricktaleroffiziere.ch\/index.php?rest_route=%2Fwp%2Fv2%2Fcategories&post=6261"},{"taxonomy":"post_tag","embeddable":true,"href":"https:\/\/fricktaleroffiziere.ch\/index.php?rest_route=%2Fwp%2Fv2%2Ftags&post=6261"}],"curies":[{"name":"wp","href":"https:\/\/api.w.org\/{rel}","templated":true}]}}