{"id":665,"date":"2010-06-29T09:34:47","date_gmt":"2010-06-29T07:34:47","guid":{"rendered":"http:\/\/fricktaleroffiziere.ch\/?p=665"},"modified":"2010-07-20T13:58:16","modified_gmt":"2010-07-20T11:58:16","slug":"dvds-zu-general-guisan","status":"publish","type":"post","link":"https:\/\/fricktaleroffiziere.ch\/?p=665","title":{"rendered":"DVDs zu General Guisan"},"content":{"rendered":"<p>Die eine erschienene DVD zeigt Ausschnitte der eindr\u00fccklichen Feier vom 12. April 2010, zum Gedenken an die Begr\u00e4bnisfeierlichkeiten vor 50 Jahren. Die andere DVD enth\u00e4lt einen Dokumentarfilm \u00fcber den General und seine Zeit. Die DVD sind in Deutsch oder Franz\u00f6sisch erh\u00e4ltlich.<\/p>\n<p><a href=\"http:\/\/fricktaleroffiziere.ch\/wp-content\/uploads\/2010\/06\/Flyer-Gen-Guisan.pdf\">Flyer Gen Guisan<\/a><\/p>\n","protected":false},"excerpt":{"rendered":"<p>Die eine erschienene DVD zeigt Ausschnitte der eindr\u00fccklichen Feier vom 12. April 2010, zum Gedenken an die Begr\u00e4bnisfeierlichkeiten vor 50 Jahren. Die andere DVD enth\u00e4lt einen Dokumentarfilm \u00fcber den General und seine Zeit. Die DVD sind in Deutsch oder Franz\u00f6sisch &hellip; <a href=\"https:\/\/fricktaleroffiziere.ch\/?p=665\">Weiterlesen <span class=\"meta-nav\">&rarr;<\/span><\/a><\/p>\n","protected":false},"author":28,"featured_media":0,"comment_status":"open","ping_status":"open","sticky":false,"template":"","format":"standard","meta":{"_monsterinsights_skip_tracking":false,"_monsterinsights_sitenote_active":false,"_monsterinsights_sitenote_note":"","_monsterinsights_sitenote_category":0,"_s2mail":"","footnotes":""},"categories":[1,52],"tags":[51,50],"class_list":["post-665","post","type-post","status-publish","format-standard","hentry","category-allg","category-offiziere","tag-dokumentation","tag-historie"],"_links":{"self":[{"href":"https:\/\/fricktaleroffiziere.ch\/index.php?rest_route=\/wp\/v2\/posts\/665","targetHints":{"allow":["GET"]}}],"collection":[{"href":"https:\/\/fricktaleroffiziere.ch\/index.php?rest_route=\/wp\/v2\/posts"}],"about":[{"href":"https:\/\/fricktaleroffiziere.ch\/index.php?rest_route=\/wp\/v2\/types\/post"}],"author":[{"embeddable":true,"href":"https:\/\/fricktaleroffiziere.ch\/index.php?rest_route=\/wp\/v2\/users\/28"}],"replies":[{"embeddable":true,"href":"https:\/\/fricktaleroffiziere.ch\/index.php?rest_route=%2Fwp%2Fv2%2Fcomments&post=665"}],"version-history":[{"count":3,"href":"https:\/\/fricktaleroffiziere.ch\/index.php?rest_route=\/wp\/v2\/posts\/665\/revisions"}],"predecessor-version":[{"id":771,"href":"https:\/\/fricktaleroffiziere.ch\/index.php?rest_route=\/wp\/v2\/posts\/665\/revisions\/771"}],"wp:attachment":[{"href":"https:\/\/fricktaleroffiziere.ch\/index.php?rest_route=%2Fwp%2Fv2%2Fmedia&parent=665"}],"wp:term":[{"taxonomy":"category","embeddable":true,"href":"https:\/\/fricktaleroffiziere.ch\/index.php?rest_route=%2Fwp%2Fv2%2Fcategories&post=665"},{"taxonomy":"post_tag","embeddable":true,"href":"https:\/\/fricktaleroffiziere.ch\/index.php?rest_route=%2Fwp%2Fv2%2Ftags&post=665"}],"curies":[{"name":"wp","href":"https:\/\/api.w.org\/{rel}","templated":true}]}}