{"id":6710,"date":"2019-07-22T13:28:59","date_gmt":"2019-07-22T12:28:59","guid":{"rendered":"http:\/\/fricktaleroffiziere.ch\/?p=6710"},"modified":"2019-07-22T13:28:59","modified_gmt":"2019-07-22T12:28:59","slug":"fricktaler-offiziersgesellschaft-am-47-internationalen-schiesswettbewerb-in-bruchsal","status":"publish","type":"post","link":"https:\/\/fricktaleroffiziere.ch\/?p=6710","title":{"rendered":"Fricktaler Offiziersgesellschaft am 47. Internationalen Schiesswettbewerb in Bruchsal"},"content":{"rendered":"<p><a href=\"http:\/\/fricktaleroffiziere.ch\/wp-content\/uploads\/2019\/07\/20190705_135141.jpg\"><img loading=\"lazy\" decoding=\"async\" class=\"alignleft size-medium wp-image-6712\" src=\"http:\/\/fricktaleroffiziere.ch\/wp-content\/uploads\/2019\/07\/20190705_135141-300x225.jpg\" alt=\"\" width=\"300\" height=\"225\" srcset=\"https:\/\/fricktaleroffiziere.ch\/wp-content\/uploads\/2019\/07\/20190705_135141-300x225.jpg 300w, https:\/\/fricktaleroffiziere.ch\/wp-content\/uploads\/2019\/07\/20190705_135141-768x576.jpg 768w, https:\/\/fricktaleroffiziere.ch\/wp-content\/uploads\/2019\/07\/20190705_135141-1024x768.jpg 1024w\" sizes=\"auto, (max-width: 300px) 100vw, 300px\" \/><\/a>Am Freitag dem 05.07.2019 brach eine Delegation von vier Offizieren nach Bruchsal (DE) Nordwestlich von Stuttgart auf, um zusammen mit 187 anderen Sch\u00fctzen am 47. internationalen Schiesswettbewerb teilzunehmen. Dieser wurde von dem Landeskommando Baden-W\u00fcrttemberg und der Kreisgruppe Baden-S\u00fcdwest organisiert und durchgef\u00fchrt.<!--more--><\/p>\n<p>Teilnehmern von 7 L\u00e4ndern aus Armee, Polizei und Grenzwache wurde durch den Wettbewerb eine Plattform f\u00fcr Wettkampf, Austausch und Geselligkeit geboten.<br \/>\nTraditionellerweise bestand am Freitag die M\u00f6glichkeit die deutsche Sch\u00fctzenschnur oder den amerikanischen Rifle Qualification Badge im Einzelwettkampf zu ergattern.<br \/>\nAus organisatorischen Gr\u00fcnden war es uns jedoch nicht m\u00f6glich an diesem Wettkampf teilzunehmen. Die Delegation der FOG ging dieses Jahr also mit leeren H\u00e4nden nach Hause.<\/p>\n<p><a href=\"http:\/\/fricktaleroffiziere.ch\/wp-content\/uploads\/2019\/07\/20190705_143451.jpg\"><img loading=\"lazy\" decoding=\"async\" class=\"size-medium wp-image-6713 alignright\" src=\"http:\/\/fricktaleroffiziere.ch\/wp-content\/uploads\/2019\/07\/20190705_143451-300x225.jpg\" alt=\"\" width=\"300\" height=\"225\" srcset=\"https:\/\/fricktaleroffiziere.ch\/wp-content\/uploads\/2019\/07\/20190705_143451-300x225.jpg 300w, https:\/\/fricktaleroffiziere.ch\/wp-content\/uploads\/2019\/07\/20190705_143451-768x576.jpg 768w, https:\/\/fricktaleroffiziere.ch\/wp-content\/uploads\/2019\/07\/20190705_143451-1024x768.jpg 1024w\" sizes=\"auto, (max-width: 300px) 100vw, 300px\" \/><\/a>Neu war jedoch der sogenannte \u201eBattleground\u201c. Hier konnten auf einer kleinen Piste die F\u00e4higkeiten in Sachen Schiessen in der Bewegung, und Treffsicherheit mit Sim-Gewehr und Pistole unter Beweis gestellt werden. Wenn also die Windrichtung stimmt und man sich nahe genug am Ziel befindet, kann mit diesen Simulationswaffen ganz ohne Pamir und R\u00fcckstoss das dynamische Schiessen trainiert werden.<\/p>\n<p><a href=\"http:\/\/fricktaleroffiziere.ch\/wp-content\/uploads\/2019\/07\/20190705_160148.jpg\"><img loading=\"lazy\" decoding=\"async\" class=\"alignleft size-medium wp-image-6714\" src=\"http:\/\/fricktaleroffiziere.ch\/wp-content\/uploads\/2019\/07\/20190705_160148-300x225.jpg\" alt=\"\" width=\"300\" height=\"225\" srcset=\"https:\/\/fricktaleroffiziere.ch\/wp-content\/uploads\/2019\/07\/20190705_160148-300x225.jpg 300w, https:\/\/fricktaleroffiziere.ch\/wp-content\/uploads\/2019\/07\/20190705_160148-768x576.jpg 768w, https:\/\/fricktaleroffiziere.ch\/wp-content\/uploads\/2019\/07\/20190705_160148-1024x768.jpg 1024w\" sizes=\"auto, (max-width: 300px) 100vw, 300px\" \/><\/a>Den Abend liessen wir gem\u00fctlich ausklingen mit dem Gedanken im Hinterkopf am Samstagmorgen im Teamwettkampf brillieren zu wollen. Wir gingen also alle Verh\u00e4ltnism\u00e4ssig fr\u00fch ins Bett. Dies zahlte sich am n\u00e4chsten Morgen aus, da wir so praktisch s\u00e4mtliches Anstehen und Warten vermeiden konnten. Im Gruppenwettkampf standen nun also die Disziplinen Sturmgewehrschiessen (G 36), MG-Schiessen (MG3) sowie der HG Zielwurf an. Zus\u00e4tzlich durften 2 Offizieren der FOG dank<br \/>\nvoller Punktzahl mit dem G36 noch ins Stechen mit dem Luftgewehr. Schlussendlich landete die FOG auf Rang 22 (<a href=\"http:\/\/pokalwettkampf.de\/Download_files\/Endliste_Alle.pdf\">Rangliste<\/a>). Wie jedes Jahr wurde auch dieses Jahr wieder die Erkenntnis schnell ersichtlich, dass im HG Zielwefen noch viel Luft nach oben ist.<\/p>\n<p>Wir danken dem Landeskommando Baden-W\u00fcrttemberg und der Kreisgruppe Baden-S\u00fcdwest f\u00fcr die Organisation und die reibungslose Durchf\u00fchrung des 47. ISW.<\/p>\n<p><strong>Der 48. ISW wird am 03\/04.97.2020 stattfinden. Die FOG wird erneut mit mindestens einer Gruppe teilnehmen wollen; <\/strong><br \/>\n<strong>Interessierte melden sich fr\u00fchzeitig bei <a href=\"mailto:operationen@fricktaleroffiziere.ch\">operationen@fricktaleroffiziere.ch<\/a>.<\/strong><\/p>\n","protected":false},"excerpt":{"rendered":"<p>Am Freitag dem 05.07.2019 brach eine Delegation von vier Offizieren nach Bruchsal (DE) Nordwestlich von Stuttgart auf, um zusammen mit 187 anderen Sch\u00fctzen am 47. internationalen Schiesswettbewerb teilzunehmen. Dieser wurde von dem Landeskommando Baden-W\u00fcrttemberg und der Kreisgruppe Baden-S\u00fcdwest organisiert und &hellip; <a href=\"https:\/\/fricktaleroffiziere.ch\/?p=6710\">Weiterlesen <span class=\"meta-nav\">&rarr;<\/span><\/a><\/p>\n","protected":false},"author":27,"featured_media":0,"comment_status":"open","ping_status":"open","sticky":false,"template":"","format":"standard","meta":{"_monsterinsights_skip_tracking":false,"_monsterinsights_sitenote_active":false,"_monsterinsights_sitenote_note":"","_monsterinsights_sitenote_category":0,"_s2mail":"yes","footnotes":""},"categories":[1],"tags":[],"class_list":["post-6710","post","type-post","status-publish","format-standard","hentry","category-allg"],"_links":{"self":[{"href":"https:\/\/fricktaleroffiziere.ch\/index.php?rest_route=\/wp\/v2\/posts\/6710","targetHints":{"allow":["GET"]}}],"collection":[{"href":"https:\/\/fricktaleroffiziere.ch\/index.php?rest_route=\/wp\/v2\/posts"}],"about":[{"href":"https:\/\/fricktaleroffiziere.ch\/index.php?rest_route=\/wp\/v2\/types\/post"}],"author":[{"embeddable":true,"href":"https:\/\/fricktaleroffiziere.ch\/index.php?rest_route=\/wp\/v2\/users\/27"}],"replies":[{"embeddable":true,"href":"https:\/\/fricktaleroffiziere.ch\/index.php?rest_route=%2Fwp%2Fv2%2Fcomments&post=6710"}],"version-history":[{"count":3,"href":"https:\/\/fricktaleroffiziere.ch\/index.php?rest_route=\/wp\/v2\/posts\/6710\/revisions"}],"predecessor-version":[{"id":6716,"href":"https:\/\/fricktaleroffiziere.ch\/index.php?rest_route=\/wp\/v2\/posts\/6710\/revisions\/6716"}],"wp:attachment":[{"href":"https:\/\/fricktaleroffiziere.ch\/index.php?rest_route=%2Fwp%2Fv2%2Fmedia&parent=6710"}],"wp:term":[{"taxonomy":"category","embeddable":true,"href":"https:\/\/fricktaleroffiziere.ch\/index.php?rest_route=%2Fwp%2Fv2%2Fcategories&post=6710"},{"taxonomy":"post_tag","embeddable":true,"href":"https:\/\/fricktaleroffiziere.ch\/index.php?rest_route=%2Fwp%2Fv2%2Ftags&post=6710"}],"curies":[{"name":"wp","href":"https:\/\/api.w.org\/{rel}","templated":true}]}}