{"id":6871,"date":"2019-08-30T06:26:40","date_gmt":"2019-08-30T05:26:40","guid":{"rendered":"http:\/\/fricktaleroffiziere.ch\/?p=6871"},"modified":"2019-10-08T06:27:59","modified_gmt":"2019-10-08T05:27:59","slug":"neuer-sbb-boezbergtunnel-die-schweiz-macht-sich-bereit-fuer-den-viermeterkorridor","status":"publish","type":"post","link":"https:\/\/fricktaleroffiziere.ch\/?p=6871","title":{"rendered":"Neuer SBB-B\u00f6zbergtunnel &#8211; Die Schweiz macht sich bereit f\u00fcr den Viermeterkorridor"},"content":{"rendered":"<p>Wenn man mit dem Zug vom Fricktal Richtung Z\u00fcrich f\u00e4hrt ist sie kaum zu \u00fcbersehen. Ebenso sind ihre Ausl\u00e4ufer auch von der Autobahn\u00a0 her zu sehen: Am B\u00f6zberg wird zur Zeit der neue SBB-Bahntunnel gebaut, damit zuk\u00fcnftig auch Z\u00fcge mit 4m Eckh\u00f6he durchfahren.\u00a0Der neue Tunnel stellt damit das Kernst\u00fcck, vom NEAT-Projekt abgesehen, im Korridorausbau von Basel nach Chiasso dar.<!--more--><\/p>\n<p><a href=\"http:\/\/fricktaleroffiziere.ch\/wp-content\/uploads\/2019\/10\/20190828_195600.jpg\"><img loading=\"lazy\" decoding=\"async\" class=\"alignleft  wp-image-6880\" src=\"http:\/\/fricktaleroffiziere.ch\/wp-content\/uploads\/2019\/10\/20190828_195600-300x225.jpg\" alt=\"\" width=\"320\" height=\"240\" srcset=\"https:\/\/fricktaleroffiziere.ch\/wp-content\/uploads\/2019\/10\/20190828_195600-300x225.jpg 300w, https:\/\/fricktaleroffiziere.ch\/wp-content\/uploads\/2019\/10\/20190828_195600-768x576.jpg 768w, https:\/\/fricktaleroffiziere.ch\/wp-content\/uploads\/2019\/10\/20190828_195600-1024x768.jpg 1024w\" sizes=\"auto, (max-width: 320px) 100vw, 320px\" \/><\/a>Die Fricktalische Offiziersgesellschaft konnte zusammen mit der OG Brugg unter kundiger F\u00fchrung von zwei am Projekt involvierten Bauingenieuren diese Baustelle besichtigen. Nach einer theoretischen Einf\u00fchrung und nach Beantwortung vieler Fragen ging es in zwei Gruppen in den Tunnel hinein. Er ist bereits vollst\u00e4ndig ausgebrochen und der Boden war zum Zeitpunkt der Besichtigung bereits asphaltiert. Nun erfolgt der Ausbau mit der Bahntechnik.<\/p>\n<p><a href=\"http:\/\/fricktaleroffiziere.ch\/wp-content\/uploads\/2019\/10\/20190828_203308.jpg\"><img loading=\"lazy\" decoding=\"async\" class=\" wp-image-6879 alignright\" src=\"http:\/\/fricktaleroffiziere.ch\/wp-content\/uploads\/2019\/10\/20190828_203308-300x225.jpg\" alt=\"\" width=\"319\" height=\"239\" srcset=\"https:\/\/fricktaleroffiziere.ch\/wp-content\/uploads\/2019\/10\/20190828_203308-300x225.jpg 300w, https:\/\/fricktaleroffiziere.ch\/wp-content\/uploads\/2019\/10\/20190828_203308-768x576.jpg 768w, https:\/\/fricktaleroffiziere.ch\/wp-content\/uploads\/2019\/10\/20190828_203308-1024x768.jpg 1024w\" sizes=\"auto, (max-width: 319px) 100vw, 319px\" \/><\/a>Der Tunnel weist einige Besonderheiten im Vergleich zu einer offenen Strecke auf: Statt Schotter wird eine feste Fahrbahn verbaut, statt Fahrleitungen mit Dr\u00e4hten kommt eine an der Decke montierte Stromschiene in den Einsatz. Ebenso erh\u00e4lt die Sicherheit einen hohen Stellenwert: Nach der Inbetriebnahme des neuen Tunnels wird die Bahntechnik im bereits \u00fcber 140 Jahre alten Tunnel ausgebaut und jener zu einem Sicherheitsstollen umgebaut. F\u00fcnf Querstollen stellen die Verbindung zwischen altem und neuem Tunnel sicher.<\/p>\n<p>Eine grosse Herausforderung war insbesondere der Abtransport des Ausbruchsmaterials, weshalb dieses zuerst in Schinznach zwischengelagert und anschliessend per Bahn und F\u00f6rderband zur Auff\u00fcllung einer alten Kiesgrube in Auenstein abtransportiert wurde.<\/p>\n<p>Im Anschluss an die F\u00fchrung kam auch der kulinarische Genuss nicht zu kurz: In der R\u00f6stifarm B\u00f6zenegg direkt neben der Baustelle konnten wir die Gespr\u00e4che \u00fcber den Tunnel, milit\u00e4rische oder andere Themen vertiefen.<\/p>\n","protected":false},"excerpt":{"rendered":"<p>Wenn man mit dem Zug vom Fricktal Richtung Z\u00fcrich f\u00e4hrt ist sie kaum zu \u00fcbersehen. Ebenso sind ihre Ausl\u00e4ufer auch von der Autobahn\u00a0 her zu sehen: Am B\u00f6zberg wird zur Zeit der neue SBB-Bahntunnel gebaut, damit zuk\u00fcnftig auch Z\u00fcge mit &hellip; <a href=\"https:\/\/fricktaleroffiziere.ch\/?p=6871\">Weiterlesen <span class=\"meta-nav\">&rarr;<\/span><\/a><\/p>\n","protected":false},"author":27,"featured_media":0,"comment_status":"open","ping_status":"open","sticky":false,"template":"","format":"standard","meta":{"_monsterinsights_skip_tracking":false,"_monsterinsights_sitenote_active":false,"_monsterinsights_sitenote_note":"","_monsterinsights_sitenote_category":0,"_s2mail":"no","footnotes":""},"categories":[387,1,317,53,76,48],"tags":[388,389,100,324,334,320],"class_list":["post-6871","post","type-post","status-publish","format-standard","hentry","category-387","category-allg","category-berichte","category-fog","category-og-brugg","category-veranstaltungen","tag-besichtigung","tag-boezbergtunnel","tag-fricktal","tag-kommunikation","tag-og-brugg","tag-veranstaltungen"],"_links":{"self":[{"href":"https:\/\/fricktaleroffiziere.ch\/index.php?rest_route=\/wp\/v2\/posts\/6871","targetHints":{"allow":["GET"]}}],"collection":[{"href":"https:\/\/fricktaleroffiziere.ch\/index.php?rest_route=\/wp\/v2\/posts"}],"about":[{"href":"https:\/\/fricktaleroffiziere.ch\/index.php?rest_route=\/wp\/v2\/types\/post"}],"author":[{"embeddable":true,"href":"https:\/\/fricktaleroffiziere.ch\/index.php?rest_route=\/wp\/v2\/users\/27"}],"replies":[{"embeddable":true,"href":"https:\/\/fricktaleroffiziere.ch\/index.php?rest_route=%2Fwp%2Fv2%2Fcomments&post=6871"}],"version-history":[{"count":5,"href":"https:\/\/fricktaleroffiziere.ch\/index.php?rest_route=\/wp\/v2\/posts\/6871\/revisions"}],"predecessor-version":[{"id":6884,"href":"https:\/\/fricktaleroffiziere.ch\/index.php?rest_route=\/wp\/v2\/posts\/6871\/revisions\/6884"}],"wp:attachment":[{"href":"https:\/\/fricktaleroffiziere.ch\/index.php?rest_route=%2Fwp%2Fv2%2Fmedia&parent=6871"}],"wp:term":[{"taxonomy":"category","embeddable":true,"href":"https:\/\/fricktaleroffiziere.ch\/index.php?rest_route=%2Fwp%2Fv2%2Fcategories&post=6871"},{"taxonomy":"post_tag","embeddable":true,"href":"https:\/\/fricktaleroffiziere.ch\/index.php?rest_route=%2Fwp%2Fv2%2Ftags&post=6871"}],"curies":[{"name":"wp","href":"https:\/\/api.w.org\/{rel}","templated":true}]}}