{"id":7737,"date":"2026-08-28T09:13:36","date_gmt":"2026-08-28T07:13:36","guid":{"rendered":"https:\/\/fricktaleroffiziere.ch\/?p=7737"},"modified":"2026-08-28T12:58:31","modified_gmt":"2026-08-28T10:58:31","slug":"begruessung-der-neubrevetierten-offiziere-aus-dem-fricktal","status":"publish","type":"post","link":"https:\/\/fricktaleroffiziere.ch\/?p=7737","title":{"rendered":"Begr\u00fcssung der neubrevetierten Offiziere aus dem Fricktal"},"content":{"rendered":"\n<p class=\"wp-block-paragraph\">Anl\u00e4sslich des 17. Rapports zur Begr\u00fcssung der neubrevetierten Offiziere auf dem Wpl Brugg durfte Pr\u00e4sident Oblt Stephan Benz am Abend des 25. August 2026 f\u00fcnf junge Offiziere aus dem Fricktal kennenlernen. Dieser erste direkte Kontakt ist die prim\u00e4re Akquisitionsm\u00f6glichkeit f\u00fcr die FOG.<\/p>\n\n\n\n<p class=\"wp-block-paragraph\">AZ und NFZ haben berichtet:<\/p>\n\n\n\n<figure class=\"wp-block-image size-large\"><a href=\"https:\/\/fricktaleroffiziere.ch\/wp-content\/uploads\/2026\/08\/20260828-NFZ-2-1.png\"><img loading=\"lazy\" decoding=\"async\" width=\"987\" height=\"1024\" src=\"https:\/\/fricktaleroffiziere.ch\/wp-content\/uploads\/2026\/08\/20260828-NFZ-2-1-987x1024.png\" alt=\"\" class=\"wp-image-7740\" srcset=\"https:\/\/fricktaleroffiziere.ch\/wp-content\/uploads\/2026\/08\/20260828-NFZ-2-1-987x1024.png 987w, https:\/\/fricktaleroffiziere.ch\/wp-content\/uploads\/2026\/08\/20260828-NFZ-2-1-289x300.png 289w, https:\/\/fricktaleroffiziere.ch\/wp-content\/uploads\/2026\/08\/20260828-NFZ-2-1-768x796.png 768w, https:\/\/fricktaleroffiziere.ch\/wp-content\/uploads\/2026\/08\/20260828-NFZ-2-1-1481x1536.png 1481w, https:\/\/fricktaleroffiziere.ch\/wp-content\/uploads\/2026\/08\/20260828-NFZ-2-1-1975x2048.png 1975w, https:\/\/fricktaleroffiziere.ch\/wp-content\/uploads\/2026\/08\/20260828-NFZ-2-1.png 1998w\" sizes=\"auto, (max-width: 987px) 100vw, 987px\" \/><\/a><\/figure>\n\n\n\n<!--more-->\n\n\n\n<figure class=\"wp-block-image size-large\"><a href=\"https:\/\/fricktaleroffiziere.ch\/wp-content\/uploads\/2026\/08\/20260828-NFZ.jpeg\"><img loading=\"lazy\" decoding=\"async\" width=\"1024\" height=\"836\" src=\"https:\/\/fricktaleroffiziere.ch\/wp-content\/uploads\/2026\/08\/20260828-NFZ-1024x836.jpeg\" alt=\"\" class=\"wp-image-7738\" srcset=\"https:\/\/fricktaleroffiziere.ch\/wp-content\/uploads\/2026\/08\/20260828-NFZ-1024x836.jpeg 1024w, https:\/\/fricktaleroffiziere.ch\/wp-content\/uploads\/2026\/08\/20260828-NFZ-300x245.jpeg 300w, https:\/\/fricktaleroffiziere.ch\/wp-content\/uploads\/2026\/08\/20260828-NFZ-768x627.jpeg 768w, https:\/\/fricktaleroffiziere.ch\/wp-content\/uploads\/2026\/08\/20260828-NFZ.jpeg 1162w\" sizes=\"auto, (max-width: 1024px) 100vw, 1024px\" \/><\/a><\/figure>\n","protected":false},"excerpt":{"rendered":"<p>Anl\u00e4sslich des 17. Rapports zur Begr\u00fcssung der neubrevetierten Offiziere auf dem Wpl Brugg durfte Pr\u00e4sident Oblt Stephan Benz am Abend des 25. August 2026 f\u00fcnf junge Offiziere aus dem Fricktal kennenlernen. Dieser erste direkte Kontakt ist die prim\u00e4re Akquisitionsm\u00f6glichkeit f\u00fcr die FOG. AZ und NFZ haben berichtet:<\/p>\n","protected":false},"author":28,"featured_media":7742,"comment_status":"open","ping_status":"open","sticky":false,"template":"","format":"standard","meta":{"_s2mail":"yes","footnotes":""},"categories":[401,72,75,292,235,52],"tags":[406,60,321,297],"class_list":["post-7737","post","type-post","status-publish","format-standard","has-post-thumbnail","hentry","category-401","category-aargau","category-aog","category-brugg","category-medien","category-offiziere","tag-amb","tag-medienberichte","tag-offiziere","tag-regierungsrat"],"_links":{"self":[{"href":"https:\/\/fricktaleroffiziere.ch\/index.php?rest_route=\/wp\/v2\/posts\/7737","targetHints":{"allow":["GET"]}}],"collection":[{"href":"https:\/\/fricktaleroffiziere.ch\/index.php?rest_route=\/wp\/v2\/posts"}],"about":[{"href":"https:\/\/fricktaleroffiziere.ch\/index.php?rest_route=\/wp\/v2\/types\/post"}],"author":[{"embeddable":true,"href":"https:\/\/fricktaleroffiziere.ch\/index.php?rest_route=\/wp\/v2\/users\/28"}],"replies":[{"embeddable":true,"href":"https:\/\/fricktaleroffiziere.ch\/index.php?rest_route=%2Fwp%2Fv2%2Fcomments&post=7737"}],"version-history":[{"count":1,"href":"https:\/\/fricktaleroffiziere.ch\/index.php?rest_route=\/wp\/v2\/posts\/7737\/revisions"}],"predecessor-version":[{"id":7741,"href":"https:\/\/fricktaleroffiziere.ch\/index.php?rest_route=\/wp\/v2\/posts\/7737\/revisions\/7741"}],"wp:featuredmedia":[{"embeddable":true,"href":"https:\/\/fricktaleroffiziere.ch\/index.php?rest_route=\/wp\/v2\/media\/7742"}],"wp:attachment":[{"href":"https:\/\/fricktaleroffiziere.ch\/index.php?rest_route=%2Fwp%2Fv2%2Fmedia&parent=7737"}],"wp:term":[{"taxonomy":"category","embeddable":true,"href":"https:\/\/fricktaleroffiziere.ch\/index.php?rest_route=%2Fwp%2Fv2%2Fcategories&post=7737"},{"taxonomy":"post_tag","embeddable":true,"href":"https:\/\/fricktaleroffiziere.ch\/index.php?rest_route=%2Fwp%2Fv2%2Ftags&post=7737"}],"curies":[{"name":"wp","href":"https:\/\/api.w.org\/{rel}","templated":true}]}}